{"id":5830,"date":"2024-02-09T15:11:53","date_gmt":"2024-02-09T17:11:53","guid":{"rendered":"https:\/\/ligana104.com.br\/2021\/2024\/02\/09\/prefeitura-entrega-area-de-lazer-e-homenageia-o-centenario-das-assembleias-de-deus\/"},"modified":"2024-02-09T15:11:54","modified_gmt":"2024-02-09T17:11:54","slug":"prefeitura-entrega-area-de-lazer-e-homenageia-o-centenario-das-assembleias-de-deus","status":"publish","type":"post","link":"https:\/\/ligana104.com.br\/2021\/2024\/02\/09\/prefeitura-entrega-area-de-lazer-e-homenageia-o-centenario-das-assembleias-de-deus\/","title":{"rendered":"Prefeitura entrega \u00e1rea de lazer e homenageia o centen\u00e1rio das Assembleias de Deus"},"content":{"rendered":"<p> <br \/>\n<\/p>\n<div id=\"infocoweb_corpo\">\n<p>  A  comunidade do jardim Eben\u00e9zer estava em festa nesta quinta-feira  (08) com a entrega da nova \u00e1rea de lazer constru\u00edda no bairro. O  local onde antes era tomado pelo mato e ac\u00famulo de lixo foi  transformado e agora \u00e9 um ponto de encontro para fam\u00edlias e  esportistas.<\/p>\n<p>A  \u00e1rea de lazer leva  o nome de Centen\u00e1rio  das  Assembleias  de Deus (AD),  visto que o  munic\u00edpio firmou compromisso de desapropriar a \u00e1rea, que era de  posse da igreja Assembleia, e efetuar a constru\u00e7\u00e3o de um novo  espa\u00e7o de lazer e conviv\u00eancia. No total foram investidos cerca de  R$ 2,5 milh\u00f5es de recursos pr\u00f3prios.<\/p>\n<p>O  complexo  de lazer conta com quadra  poliesportiva,  quadra  de areia, academia  popular, playground,  cercamento  com gradil, labirinto,  pergolados,  bancos  de madeira,  al\u00e9m  do paisagismo e cal\u00e7adas internas e externas com acessibilidade para  cadeirantes, tudo constru\u00eddo em uma \u00e1rea de 12,8  mil  m\u00b2.<\/p>\n<figure><\/figure>\n<p>O  prefeito Jos\u00e9 Carlos do P\u00e1tio elogiou a atua\u00e7\u00e3o do pastor l\u00edder  da AD, Jos\u00e9 Sobrinho, na condu\u00e7\u00e3o da transfer\u00eancia da \u00e1rea para  o munic\u00edpio. \u201cO pastor Jos\u00e9 Sobrinho \u00e9 muito articulado, s\u00e1bio.  Tenho orgulho de estar sempre do seu lado, sua sabedoria est\u00e1  ajudando a fazer crescer a Assembleia de Deus na cidade\u201d, comentou.<\/p>\n<p>A  rela\u00e7\u00e3o do prefeito com a Assembleia de Deus \u00e9 antiga, tanto que  P\u00e1tio  lembrou de quando ainda trabalhava no Coder e  acompanhou as obras de terraplanagem da \u00e1rea onde foi constru\u00eddo o  grande templo da Assembleia de Deus em Rondon\u00f3polis, ainda sob a  lideran\u00e7a do pastor Valter.   <\/p>\n<p>O  pastor  Jos\u00e9 Sobrinho lembrou que a \u00e1rea pertencia \u00e0 igreja e pela  legaliza\u00e7\u00e3o do bairro jardim Eben\u00e9zer firmou a parceira para a  constru\u00e7\u00e3o da pra\u00e7a, articulada  pelo ent\u00e3o secret\u00e1rio de Habita\u00e7\u00e3o Paulo Jos\u00e9 Correia,  que levaria o nome de Centen\u00e1rio das Assembleia, proposta aceita de  imediato pelo prefeito. \u201cRondon\u00f3polis \u00e9 a \u00fanica cidade do Mato  Grosso que homenageou o nosso centen\u00e1rio. Estou muito grato a todos  os envolvidos nesse projeto\u201d, afirmou.<\/p>\n<figure><img decoding=\"async\" src=\"https:\/\/urgentenews.com.br\/wp-content\/uploads\/2024\/02\/09\/7b8766933ca78ec1dd97092a73f03e00.jpg\" data-image=\"DSC_3846.jpg\"\/><\/figure>\n<p>As  chaves da nova \u00e1rea de lazer foram  entregues  pelo prefeito nas m\u00e3os do pastor Jos\u00e9 Sobrinho e do vereador Cido Silva, proponente do nome da pra\u00e7a, que posteriormente  vai  repassar para  um representante da comunidade.<\/p>\n<p>L\u00edderes  da igreja Assembleia de Deus, como o pastor  Maca\u00fabas,  vice-presidente da Assembleia e o pastor Davi Lemos bem como diversos  moradores do jardim Eben\u00e9zer, vereadores e secret\u00e1rios municipais  participaram da inaigura\u00e7\u00e3o da \u00e1rea de lazer.<\/p>\n<figure><img decoding=\"async\" src=\"https:\/\/urgentenews.com.br\/wp-content\/uploads\/2024\/02\/09\/880e7fcfa0db7d9527f3b945f91a7f62.jpg\" data-image=\"DSC_3849.jpg\"\/><\/figure>\n<p id=\"infocoweb_fonte\" class=\"infocoweb_fonte\">Fonte: <a target=\"_blank\" href=\"http:\/\/www.rondonopolis.mt.gov.br\/noticias\/prefeitura-entrega-area-de-lazer-e-homenageia-o-centenario-das-assembleias-de-deus\/#76d43fa2-4cad-44f6-bd74-95e763103c02\" rel=\"noopener\">Prefeitura de Rondon\u00f3polis \u2013 MT<\/a><\/p>\n<\/div>\n<p><br \/>\n<br \/><a href=\"https:\/\/nmt.com.br\/2024\/02\/09\/prefeitura-entrega-area-de-lazer-e-homenageia-o-centenario-das-assembleias-de-deus\/\">Fonte da Noticia <\/a><\/p>\n","protected":false},"excerpt":{"rendered":"<p>A comunidade do jardim Eben\u00e9zer estava em festa nesta quinta-feira (08) com a entrega da nova \u00e1rea de lazer constru\u00edda no bairro. O local onde antes era tomado pelo mato e ac\u00famulo de lixo foi transformado e agora \u00e9 um ponto de encontro para fam\u00edlias e esportistas. A \u00e1rea de lazer leva o nome de [&hellip;]<\/p>\n","protected":false},"author":1,"featured_media":5831,"comment_status":"closed","ping_status":"closed","sticky":false,"template":"","format":"standard","meta":[],"categories":[1],"tags":[],"_links":{"self":[{"href":"https:\/\/ligana104.com.br\/2021\/wp-json\/wp\/v2\/posts\/5830"}],"collection":[{"href":"https:\/\/ligana104.com.br\/2021\/wp-json\/wp\/v2\/posts"}],"about":[{"href":"https:\/\/ligana104.com.br\/2021\/wp-json\/wp\/v2\/types\/post"}],"author":[{"embeddable":true,"href":"https:\/\/ligana104.com.br\/2021\/wp-json\/wp\/v2\/users\/1"}],"replies":[{"embeddable":true,"href":"https:\/\/ligana104.com.br\/2021\/wp-json\/wp\/v2\/comments?post=5830"}],"version-history":[{"count":1,"href":"https:\/\/ligana104.com.br\/2021\/wp-json\/wp\/v2\/posts\/5830\/revisions"}],"predecessor-version":[{"id":5832,"href":"https:\/\/ligana104.com.br\/2021\/wp-json\/wp\/v2\/posts\/5830\/revisions\/5832"}],"wp:featuredmedia":[{"embeddable":true,"href":"https:\/\/ligana104.com.br\/2021\/wp-json\/wp\/v2\/media\/5831"}],"wp:attachment":[{"href":"https:\/\/ligana104.com.br\/2021\/wp-json\/wp\/v2\/media?parent=5830"}],"wp:term":[{"taxonomy":"category","embeddable":true,"href":"https:\/\/ligana104.com.br\/2021\/wp-json\/wp\/v2\/categories?post=5830"},{"taxonomy":"post_tag","embeddable":true,"href":"https:\/\/ligana104.com.br\/2021\/wp-json\/wp\/v2\/tags?post=5830"}],"curies":[{"name":"wp","href":"https:\/\/api.w.org\/{rel}","templated":true}]}}