{"id":5785,"date":"2024-02-08T17:13:53","date_gmt":"2024-02-08T19:13:53","guid":{"rendered":"https:\/\/ligana104.com.br\/2021\/2024\/02\/08\/loirinha-do-trafico-e-assassinada-apos-tentar-mudar-de-faccao-nao-to-fechando-com-pcc-so-cv-assista\/"},"modified":"2024-02-08T17:13:53","modified_gmt":"2024-02-08T19:13:53","slug":"loirinha-do-trafico-e-assassinada-apos-tentar-mudar-de-faccao-nao-to-fechando-com-pcc-so-cv-assista","status":"publish","type":"post","link":"https:\/\/ligana104.com.br\/2021\/2024\/02\/08\/loirinha-do-trafico-e-assassinada-apos-tentar-mudar-de-faccao-nao-to-fechando-com-pcc-so-cv-assista\/","title":{"rendered":"\u2018Loirinha do Tr\u00e1fico\u2019 \u00e9 assassinada ap\u00f3s tentar mudar de fac\u00e7\u00e3o: \u201cn\u00e3o t\u00f4 fechando com PCC, s\u00f3 CV\u201d; assista"},"content":{"rendered":"<p> <br \/>\n<\/p>\n<p>Karina Regiane de Assis Mauricio, conhecida como vulgo \u201cAriela, a Loirinha do Tr\u00e1fico\u201d, foi assassinada com ao menos 13 tiros em circunst\u00e2ncias que apontam para uma disputa entre as fac\u00e7\u00f5es do Comando Vermelho (CV) e Primeiro Comando da Capital (PCC). O crime ocorreu em Ariquemes &#8211; Rond\u00f4nia.<\/p>\n<p>O homic\u00eddio, ocorrido na tarde da \u00faltima quarta-feira (07\/02) na Rua Bol\u00edvia, Setor 02 de Ariquemes, deixou a comunidade perplexa. Segundo informa\u00e7\u00f5es, Karina teria chegado \u00e0 cidade recentemente e, apenas um dia ap\u00f3s sua chegada, foi alvejada com aproximadamente 13 disparos por dois indiv\u00edduos em uma motocicleta. Veja:<\/p>\n<p>Um v\u00eddeo que circula nas redes sociais, gravado no final do ano passado, mostra a v\u00edtima afirmando sua inten\u00e7\u00e3o de deixar de colaborar com o Primeiro Comando da Capital (PCC) e migrar para o Comando Vermelho (CV), uma mudan\u00e7a que poderia ter desencadeado repres\u00e1lias por parte de sua antiga fac\u00e7\u00e3o.<\/p>\n<p>O local onde ocorreu o crime \u00e9 conhecido pelo intenso com\u00e9rcio de drogas e prostitui\u00e7\u00e3o, onde a lei do sil\u00eancio impera, dificultando a investiga\u00e7\u00e3o policial. No entanto, h\u00e1 ind\u00edcios de que o assassinato de Karina possa estar relacionado a uma briga de fac\u00e7\u00f5es. O Delegado Regional de Pol\u00edcia, Dr. Ricardo Rodrigues, respons\u00e1vel pela investiga\u00e7\u00e3o do caso, ressaltou que \u00e9 prematuro tirar conclus\u00f5es neste momento, por\u00e9m, n\u00e3o descarta a possibilidade de que o homic\u00eddio de Karina tenha rela\u00e7\u00e3o com sua tentativa de mudan\u00e7a de fac\u00e7\u00e3o.<\/p>\n<p>Imagens fortes:<\/p>\n<div style=\"width: 472px\" class=\"wp-video\"><!--[if lt IE 9]&gt;document.createElement('video');&lt;![endif]--><br \/>\n<video class=\"wp-video-shortcode\" id=\"video-27749-1\" width=\"472\" height=\"848\" preload=\"metadata\" controls=\"controls\">http:\/\/rgtnews.com.br\/wp-content\/uploads\/2024\/02\/WhatsApp-Video-2024-02-08-at-8.12.52-AM.mp4<\/video><\/div>\n<p>&nbsp;<\/p>\n<div style=\"width: 480px\" class=\"wp-video\"><video class=\"wp-video-shortcode\" id=\"video-27749-2\" width=\"480\" height=\"864\" preload=\"metadata\" controls=\"controls\">http:\/\/rgtnews.com.br\/wp-content\/uploads\/2024\/02\/WhatsApp-Video-2024-02-08-at-8.12.53-AM.mp4<\/video><\/div>\n<p>&nbsp;<\/p>\n<div style=\"width: 480px\" class=\"wp-video\"><video class=\"wp-video-shortcode\" id=\"video-27749-3\" width=\"480\" height=\"848\" preload=\"metadata\" controls=\"controls\">http:\/\/rgtnews.com.br\/wp-content\/uploads\/2024\/02\/WhatsApp-Video-2024-02-08-at-8.12.50-AM.mp4<\/video><\/div>\n<p>&nbsp;<\/p>\n<\/p>\n<p><br \/>\n<br \/><a href=\"https:\/\/rgtnews.com.br\/noticias\/variedades\/loirinha-do-trafico-e-assassinada-apos-tentar-mudar-de-faccao-nao-to-fechando-com-pcc-so-cv-assista\/?utm_source=rss&#038;utm_medium=rss&#038;utm_campaign=loirinha-do-trafico-e-assassinada-apos-tentar-mudar-de-faccao-nao-to-fechando-com-pcc-so-cv-assista\">Fonte da Noticia <\/a><\/p>\n","protected":false},"excerpt":{"rendered":"<p>Karina Regiane de Assis Mauricio, conhecida como vulgo \u201cAriela, a Loirinha do Tr\u00e1fico\u201d, foi assassinada com ao menos 13 tiros em circunst\u00e2ncias que apontam para uma disputa entre as fac\u00e7\u00f5es do Comando Vermelho (CV) e Primeiro Comando da Capital (PCC). O crime ocorreu em Ariquemes &#8211; Rond\u00f4nia. O homic\u00eddio, ocorrido na tarde da \u00faltima quarta-feira [&hellip;]<\/p>\n","protected":false},"author":1,"featured_media":5786,"comment_status":"closed","ping_status":"closed","sticky":false,"template":"","format":"standard","meta":[],"categories":[1],"tags":[],"_links":{"self":[{"href":"https:\/\/ligana104.com.br\/2021\/wp-json\/wp\/v2\/posts\/5785"}],"collection":[{"href":"https:\/\/ligana104.com.br\/2021\/wp-json\/wp\/v2\/posts"}],"about":[{"href":"https:\/\/ligana104.com.br\/2021\/wp-json\/wp\/v2\/types\/post"}],"author":[{"embeddable":true,"href":"https:\/\/ligana104.com.br\/2021\/wp-json\/wp\/v2\/users\/1"}],"replies":[{"embeddable":true,"href":"https:\/\/ligana104.com.br\/2021\/wp-json\/wp\/v2\/comments?post=5785"}],"version-history":[{"count":1,"href":"https:\/\/ligana104.com.br\/2021\/wp-json\/wp\/v2\/posts\/5785\/revisions"}],"predecessor-version":[{"id":5787,"href":"https:\/\/ligana104.com.br\/2021\/wp-json\/wp\/v2\/posts\/5785\/revisions\/5787"}],"wp:featuredmedia":[{"embeddable":true,"href":"https:\/\/ligana104.com.br\/2021\/wp-json\/wp\/v2\/media\/5786"}],"wp:attachment":[{"href":"https:\/\/ligana104.com.br\/2021\/wp-json\/wp\/v2\/media?parent=5785"}],"wp:term":[{"taxonomy":"category","embeddable":true,"href":"https:\/\/ligana104.com.br\/2021\/wp-json\/wp\/v2\/categories?post=5785"},{"taxonomy":"post_tag","embeddable":true,"href":"https:\/\/ligana104.com.br\/2021\/wp-json\/wp\/v2\/tags?post=5785"}],"curies":[{"name":"wp","href":"https:\/\/api.w.org\/{rel}","templated":true}]}}