{"id":5767,"date":"2024-02-08T11:01:54","date_gmt":"2024-02-08T13:01:54","guid":{"rendered":"https:\/\/ligana104.com.br\/2021\/2024\/02\/08\/reforma-e-revitalizacao-da-ciclovia-e-pista-de-caminhada-da-avenida-bandeirantes-seguem-aceleradas\/"},"modified":"2024-02-08T11:01:56","modified_gmt":"2024-02-08T13:01:56","slug":"reforma-e-revitalizacao-da-ciclovia-e-pista-de-caminhada-da-avenida-bandeirantes-seguem-aceleradas","status":"publish","type":"post","link":"https:\/\/ligana104.com.br\/2021\/2024\/02\/08\/reforma-e-revitalizacao-da-ciclovia-e-pista-de-caminhada-da-avenida-bandeirantes-seguem-aceleradas\/","title":{"rendered":"Reforma e revitaliza\u00e7\u00e3o da ciclovia e pista de caminhada da avenida Bandeirantes seguem aceleradas"},"content":{"rendered":"<p> <br \/>\n<\/p>\n<div id=\"infocoweb_corpo\">\n<p>As obras de reforma  e revitaliza\u00e7\u00e3o do canteiro central da avenida Bandeirantes nos  cerca de 3,5 km de extens\u00e3o a partir do entrocamento da Rua  Aeroporto, chegando \u00e0s proximidades da ponte do C\u00f3rrego Lageadinho,  e que concentra as faixas de ciclovia e pista de caminhadas, seguem a  todo vapor e j\u00e1 ultrapassam a casa dos 50%, devendo ser conclu\u00edda  no mais tardar at\u00e9 o final do m\u00eas de mar\u00e7o.<\/p>\n<figure><\/figure>\n<p>As informa\u00e7\u00f5es  foram confirmadas na tarde desta quarta-feira (7) pelo <strong>secret\u00e1rio de  Infraestrutura, Dhyogo Parreira Gon\u00e7alves<\/strong>, durante entrevista a  imprensa.<\/p>\n<p>Conforme o  secret\u00e1rio, as obras que s\u00e3o muito importantes para a comunidade da  regi\u00e3o da Vila Oper\u00e1ria, e est\u00e3o or\u00e7adas em cerca de R$ 2,4  milh\u00f5es, compreendem a substitui\u00e7\u00e3o de todo o cal\u00e7amento  existente por blocos de \u2018paver sextavado\u2019, arboriza\u00e7\u00e3o e  urbaniza\u00e7\u00e3o com novas \u00e1rvores e plantio de grama; al\u00e9m da  constru\u00e7\u00e3o de algumas rampas de acessibilidade para PCDs.   <\/p>\n<p>As obras ainda  contemplam um novo revestimento do piso da ciclovia com  microrrevestimento asf\u00e1ltico e nova sinaliza\u00e7\u00e3o. As obras ainda  v\u00e3o contemplar a instala\u00e7\u00e3o de um novo posteamento da ilumina\u00e7\u00e3o  baixa com l\u00e2mpadas de led.<\/p>\n<figure><img decoding=\"async\" src=\"https:\/\/urgentenews.com.br\/wp-content\/uploads\/2024\/02\/08\/a366c2ff171e4e221fb32c83791fc746.jpg\" data-image=\"DSC_3769.jpg\"\/><\/figure>\n<p>ROTAT\u00d3RIA<\/p>\n<p>Al\u00e9m destas obras,  um segundo contrato, desta feita firmado com a Companhia de  Desenvolvimento de Rondon\u00f3polis \u2013 Coder, vai atender uma demanda  antiga da comunidade instalada nas media\u00e7\u00f5es da avenida Filinto  Muller e Benjamim Duarte, cujo acesso pela Avenida Bandeirantes  acabou fechado, quando da duplica\u00e7\u00e3o da referida via.<\/p>\n<p>As queixas  principais eram dos comerciantes instalados ao longo da Rua Filinto  Muller, que viram o movimento cair drasticamente depois do fechamento  do acesso via Bandeirantes. Eles alegam que as pessoas tinham que dar  uma volta muito grande para acessar a citada via e muitos clientes  acabavam desistindo de acessar a rua e se dirigir aos seus com\u00e9rcios,  tendo inclusive, resultado no fechamento e mudan\u00e7a de muitas  empresas.<\/p>\n<p>Agora com a  finaliza\u00e7\u00e3o dos estudos t\u00e9cnicos da secretaria de Transporte e  Tr\u00e2nsito (Setrat), uma rotat\u00f3ria est\u00e1 sendo constru\u00edda no local  da liga\u00e7\u00e3o das duas vias: Filinto Muller e Benjamim Duarte cortando  a Bandeirantes, o que dever\u00e1 desafogar e dar acesso mais f\u00e1cil \u00e0  Filinto Muller e aos com\u00e9rcios ali estabelecidos.<\/p>\n<figure><img decoding=\"async\" src=\"https:\/\/urgentenews.com.br\/wp-content\/uploads\/2024\/02\/08\/bf60347eca906d511962230c6cf43771.jpg\" data-image=\"DSC_3771.jpg\"\/><\/figure>\n<p>A primeira parte da  obra de revitaliza\u00e7\u00e3o da ciclovia da Bandeirantes dever\u00e1 ser  conclu\u00edda at\u00e9 final do m\u00eas de mar\u00e7o, enquanto que as obras da  rotat\u00f3ria; estas v\u00e3o contemplar ainda, dois redutores de velocidade  antes da rotat\u00f3ria: nos dois sentido da via, e ainda o remanejamento  de um ponto de \u00f4nibus localizado nas imedia\u00e7\u00f5es. Lembrando que  esta obra ser\u00e1 constru\u00edda em parceria com a Coder, mas  integrando  um segundo contrato, com outro valor.<\/p>\n<p>Conforme o  secret\u00e1rio destacou: \u201cesta nova rotat\u00f3ria de acesso \u00e0 rua  Felinto Muller, vai reduzir o intenso fluxo na avenida Castelo Branco  (principal da Grande Vila Oper\u00e1ria) e facilitar o acesso dos  usu\u00e1rios, reduzindo o tr\u00e1fego e evitado acidentes para os  pedestres, usu\u00e1rios, e motoristas no local\u201d.<\/p>\n<p id=\"infocoweb_fonte\" class=\"infocoweb_fonte\">Fonte: <a target=\"_blank\" href=\"http:\/\/www.rondonopolis.mt.gov.br\/noticias\/reforma-e-revitalizacao-da-ciclovia-e-pista-de-caminhada-da-avenida-bandeirantes-seguem-aceleradas\/#27d3e390-6fae-4e10-98a8-0608770ac472\" rel=\"noopener\">Prefeitura de Rondon\u00f3polis \u2013 MT<\/a><\/p>\n<\/div>\n<p><br \/>\n<br \/><a href=\"https:\/\/nmt.com.br\/2024\/02\/08\/reforma-e-revitalizacao-da-ciclovia-e-pista-de-caminhada-da-avenida-bandeirantes-seguem-aceleradas\/\">Fonte da Noticia <\/a><\/p>\n","protected":false},"excerpt":{"rendered":"<p>As obras de reforma e revitaliza\u00e7\u00e3o do canteiro central da avenida Bandeirantes nos cerca de 3,5 km de extens\u00e3o a partir do entrocamento da Rua Aeroporto, chegando \u00e0s proximidades da ponte do C\u00f3rrego Lageadinho, e que concentra as faixas de ciclovia e pista de caminhadas, seguem a todo vapor e j\u00e1 ultrapassam a casa dos [&hellip;]<\/p>\n","protected":false},"author":1,"featured_media":5768,"comment_status":"closed","ping_status":"closed","sticky":false,"template":"","format":"standard","meta":[],"categories":[1],"tags":[],"_links":{"self":[{"href":"https:\/\/ligana104.com.br\/2021\/wp-json\/wp\/v2\/posts\/5767"}],"collection":[{"href":"https:\/\/ligana104.com.br\/2021\/wp-json\/wp\/v2\/posts"}],"about":[{"href":"https:\/\/ligana104.com.br\/2021\/wp-json\/wp\/v2\/types\/post"}],"author":[{"embeddable":true,"href":"https:\/\/ligana104.com.br\/2021\/wp-json\/wp\/v2\/users\/1"}],"replies":[{"embeddable":true,"href":"https:\/\/ligana104.com.br\/2021\/wp-json\/wp\/v2\/comments?post=5767"}],"version-history":[{"count":1,"href":"https:\/\/ligana104.com.br\/2021\/wp-json\/wp\/v2\/posts\/5767\/revisions"}],"predecessor-version":[{"id":5769,"href":"https:\/\/ligana104.com.br\/2021\/wp-json\/wp\/v2\/posts\/5767\/revisions\/5769"}],"wp:featuredmedia":[{"embeddable":true,"href":"https:\/\/ligana104.com.br\/2021\/wp-json\/wp\/v2\/media\/5768"}],"wp:attachment":[{"href":"https:\/\/ligana104.com.br\/2021\/wp-json\/wp\/v2\/media?parent=5767"}],"wp:term":[{"taxonomy":"category","embeddable":true,"href":"https:\/\/ligana104.com.br\/2021\/wp-json\/wp\/v2\/categories?post=5767"},{"taxonomy":"post_tag","embeddable":true,"href":"https:\/\/ligana104.com.br\/2021\/wp-json\/wp\/v2\/tags?post=5767"}],"curies":[{"name":"wp","href":"https:\/\/api.w.org\/{rel}","templated":true}]}}