{"id":5722,"date":"2024-02-07T11:52:09","date_gmt":"2024-02-07T13:52:09","guid":{"rendered":"https:\/\/ligana104.com.br\/2021\/2024\/02\/07\/audio-aponta-possivel-coacao-de-servidores-para-evento-com-lula\/"},"modified":"2024-02-07T11:52:11","modified_gmt":"2024-02-07T13:52:11","slug":"audio-aponta-possivel-coacao-de-servidores-para-evento-com-lula","status":"publish","type":"post","link":"https:\/\/ligana104.com.br\/2021\/2024\/02\/07\/audio-aponta-possivel-coacao-de-servidores-para-evento-com-lula\/","title":{"rendered":"\u00c1udio aponta poss\u00edvel coa\u00e7\u00e3o de servidores para evento com Lula"},"content":{"rendered":"<p> <br \/>\n<\/p>\n<div>\n<p>Um \u00e1udio de uma reuni\u00e3o de servidores da cidade de Belford Roxo, no\u00a0Rio de Janeiro, que \u00e9 administrada pelo prefeito\u00a0Waguinho\u00a0(Republicanos), marido da ex-ministra do Turismo Daniela Carneiro (Uni\u00e3o Brasil-RJ), indica que funcion\u00e1rios da prefeitura do munic\u00edpio teriam sido coagidos a participarem de um evento com o presidente Lula (PT) nesta ter\u00e7a-feira (6).<\/p>\n<p>A reuni\u00e3o aconteceu na \u00faltima sexta (2), em uma escola municipal de Belford Roxo, e, na ocasi\u00e3o, diretoras deram orienta\u00e7\u00f5es sobre a agenda com Lula. Entre as advert\u00eancias feitas pelas gestoras estava a de que, apesar de esta ter\u00e7a ser ponto facultativo decretado por Waguinho, havia o dever de ir ao compromisso com o presidente da Rep\u00fablica.<\/p>\n<p>Outra orienta\u00e7\u00e3o dada aos servidores dizia respeito ao uso de bon\u00e9s e faixas em apoio a Lula e at\u00e9 os momentos em que o presidente deveria ser ovacionado. No \u00e1udio, uma das diretoras chegou a dizer at\u00e9 que a prefeitura enviaria um \u00f4nibus para os servidores da escola irem ao evento e que seriam oferecidos caf\u00e9 da manh\u00e3, almo\u00e7o, \u00e1gua e lanche.<\/p>\n<p>\u2013 (\u2026) Todo mundo sabe que ter\u00e7a-feira \u00e9 ponto facultativo, mas n\u00e3o \u00e9 ponto facultativo para a gente ficar em casa. Conclus\u00e3o: todos n\u00f3s ter\u00e7a-feira l\u00e1 [no evento de Lula]. (\u2026) O prefeito j\u00e1 viu a quest\u00e3o do almo\u00e7o, v\u00e3o distribuir as camisas, vai ter almo\u00e7o\u2026 N\u00f3s vamos com voc\u00eas no \u00f4nibus, vamos deixar voc\u00eas l\u00e1 e voc\u00eas v\u00e3o ficar representando a escola, vai ter a faixa \u2013 disse uma diretora.<\/p>\n<p><iframe id=\"twitter-widget-0\" class=\"\" title=\"X Post\" src=\"https:\/\/platform.twitter.com\/embed\/Tweet.html?dnt=false&amp;embedId=twitter-widget-0&amp;features=eyJ0ZndfdGltZWxpbmVfbGlzdCI6eyJidWNrZXQiOltdLCJ2ZXJzaW9uIjpudWxsfSwidGZ3X2ZvbGxvd2VyX2NvdW50X3N1bnNldCI6eyJidWNrZXQiOnRydWUsInZlcnNpb24iOm51bGx9LCJ0ZndfdHdlZXRfZWRpdF9iYWNrZW5kIjp7ImJ1Y2tldCI6Im9uIiwidmVyc2lvbiI6bnVsbH0sInRmd19yZWZzcmNfc2Vzc2lvbiI6eyJidWNrZXQiOiJvbiIsInZlcnNpb24iOm51bGx9LCJ0ZndfZm9zbnJfc29mdF9pbnRlcnZlbnRpb25zX2VuYWJsZWQiOnsiYnVja2V0Ijoib24iLCJ2ZXJzaW9uIjpudWxsfSwidGZ3X21peGVkX21lZGlhXzE1ODk3Ijp7ImJ1Y2tldCI6InRyZWF0bWVudCIsInZlcnNpb24iOm51bGx9LCJ0ZndfZXhwZXJpbWVudHNfY29va2llX2V4cGlyYXRpb24iOnsiYnVja2V0IjoxMjA5NjAwLCJ2ZXJzaW9uIjpudWxsfSwidGZ3X3Nob3dfYmlyZHdhdGNoX3Bpdm90c19lbmFibGVkIjp7ImJ1Y2tldCI6Im9uIiwidmVyc2lvbiI6bnVsbH0sInRmd19kdXBsaWNhdGVfc2NyaWJlc190b19zZXR0aW5ncyI6eyJidWNrZXQiOiJvbiIsInZlcnNpb24iOm51bGx9LCJ0ZndfdXNlX3Byb2ZpbGVfaW1hZ2Vfc2hhcGVfZW5hYmxlZCI6eyJidWNrZXQiOiJvbiIsInZlcnNpb24iOm51bGx9LCJ0ZndfdmlkZW9faGxzX2R5bmFtaWNfbWFuaWZlc3RzXzE1MDgyIjp7ImJ1Y2tldCI6InRydWVfYml0cmF0ZSIsInZlcnNpb24iOm51bGx9LCJ0ZndfbGVnYWN5X3RpbWVsaW5lX3N1bnNldCI6eyJidWNrZXQiOnRydWUsInZlcnNpb24iOm51bGx9LCJ0ZndfdHdlZXRfZWRpdF9mcm9udGVuZCI6eyJidWNrZXQiOiJvbiIsInZlcnNpb24iOm51bGx9fQ%3D%3D&amp;frame=false&amp;hideCard=false&amp;hideThread=false&amp;id=1755199620404191349&amp;lang=pt&amp;origin=https%3A%2F%2Fpleno.news%2Fbrasil%2Fpolitica-nacional%2Faudio-aponta-possivel-coacao-de-servidores-para-evento-com-lula.html&amp;sessionId=08229330f95303b504ce78d042eb1005e19a218b&amp;siteScreenName=pleno.news&amp;theme=light&amp;widgetsVersion=2615f7e52b7e0%3A1702314776716&amp;width=550px\" frameborder=\"0\" scrolling=\"no\" allowfullscreen=\"allowfullscreen\" data-tweet-id=\"1755199620404191349\" data-mce-fragment=\"1\"><\/iframe><\/p>\n<p>\u00a0<\/p>\n<p>O conte\u00fado sobre os \u00e1udios foi divulgado pela coluna de Guilherme Amado, do site Metr\u00f3poles, nesta quarta-feira (7). O ve\u00edculo tamb\u00e9m disse ter recebido prints do grupo de uma creche municipal em que a diretora da unidade enviou orienta\u00e7\u00f5es para os funcion\u00e1rios sobre o hor\u00e1rio e o local do ponto de encontro para o \u00f4nibus que levaria o pessoal ao evento de Lula.<\/p>\n<p>No Di\u00e1rio Oficial do munic\u00edpio, Waguinho justificou o decreto de ponto facultativo nesta ter\u00e7a pelo \u201cmovimento de ve\u00edculos\u201d por causa da comitiva presidencial. Lula visitou Belford Roxo nesta para inaugurar uma escola municipal que leva o nome de seu falecido neto, Arthur Ara\u00fajo Lula da Silva, que faleceu aos sete anos, em 2019.<\/p>\n<\/p><\/div>\n<p><br \/>\n<br \/><a href=\"https:\/\/rgtnews.com.br\/noticias\/politica\/audio-aponta-possivel-coacao-de-servidores-para-evento-com-lula\/?utm_source=rss&#038;utm_medium=rss&#038;utm_campaign=audio-aponta-possivel-coacao-de-servidores-para-evento-com-lula\">Fonte da Noticia <\/a><\/p>\n","protected":false},"excerpt":{"rendered":"<p>Um \u00e1udio de uma reuni\u00e3o de servidores da cidade de Belford Roxo, no\u00a0Rio de Janeiro, que \u00e9 administrada pelo prefeito\u00a0Waguinho\u00a0(Republicanos), marido da ex-ministra do Turismo Daniela Carneiro (Uni\u00e3o Brasil-RJ), indica que funcion\u00e1rios da prefeitura do munic\u00edpio teriam sido coagidos a participarem de um evento com o presidente Lula (PT) nesta ter\u00e7a-feira (6). A reuni\u00e3o aconteceu [&hellip;]<\/p>\n","protected":false},"author":1,"featured_media":5723,"comment_status":"closed","ping_status":"closed","sticky":false,"template":"","format":"standard","meta":[],"categories":[1],"tags":[],"_links":{"self":[{"href":"https:\/\/ligana104.com.br\/2021\/wp-json\/wp\/v2\/posts\/5722"}],"collection":[{"href":"https:\/\/ligana104.com.br\/2021\/wp-json\/wp\/v2\/posts"}],"about":[{"href":"https:\/\/ligana104.com.br\/2021\/wp-json\/wp\/v2\/types\/post"}],"author":[{"embeddable":true,"href":"https:\/\/ligana104.com.br\/2021\/wp-json\/wp\/v2\/users\/1"}],"replies":[{"embeddable":true,"href":"https:\/\/ligana104.com.br\/2021\/wp-json\/wp\/v2\/comments?post=5722"}],"version-history":[{"count":1,"href":"https:\/\/ligana104.com.br\/2021\/wp-json\/wp\/v2\/posts\/5722\/revisions"}],"predecessor-version":[{"id":5724,"href":"https:\/\/ligana104.com.br\/2021\/wp-json\/wp\/v2\/posts\/5722\/revisions\/5724"}],"wp:featuredmedia":[{"embeddable":true,"href":"https:\/\/ligana104.com.br\/2021\/wp-json\/wp\/v2\/media\/5723"}],"wp:attachment":[{"href":"https:\/\/ligana104.com.br\/2021\/wp-json\/wp\/v2\/media?parent=5722"}],"wp:term":[{"taxonomy":"category","embeddable":true,"href":"https:\/\/ligana104.com.br\/2021\/wp-json\/wp\/v2\/categories?post=5722"},{"taxonomy":"post_tag","embeddable":true,"href":"https:\/\/ligana104.com.br\/2021\/wp-json\/wp\/v2\/tags?post=5722"}],"curies":[{"name":"wp","href":"https:\/\/api.w.org\/{rel}","templated":true}]}}