{"id":5692,"date":"2024-02-06T14:44:16","date_gmt":"2024-02-06T16:44:16","guid":{"rendered":"https:\/\/ligana104.com.br\/2021\/2024\/02\/06\/governador-sanciona-lei-de-claudio-ferreira-que-cria-sancoes-a-invasores-de-terra-em-mt\/"},"modified":"2024-02-06T14:44:16","modified_gmt":"2024-02-06T16:44:16","slug":"governador-sanciona-lei-de-claudio-ferreira-que-cria-sancoes-a-invasores-de-terra-em-mt","status":"publish","type":"post","link":"https:\/\/ligana104.com.br\/2021\/2024\/02\/06\/governador-sanciona-lei-de-claudio-ferreira-que-cria-sancoes-a-invasores-de-terra-em-mt\/","title":{"rendered":"Governador sanciona lei de Cl\u00e1udio Ferreira que cria san\u00e7\u00f5es a invasores de terra em MT"},"content":{"rendered":"<p> <br \/>\n<\/p>\n<p>O governador Mauro Mendes (Uni\u00e3o) sancionou nesta segunda-feira (5) a lei 12.430\/2024 de autoria do deputado estadual Cl\u00e1udio Ferreira (PL), o paisagista, que cria san\u00e7\u00f5es aos invasores de propriedades privadas rurais e urbanas no Estado de Mato Grosso.<\/p>\n<p>\u201cEssa proposta vem ao encontro dos compromissos que assumi ao entrar para a pol\u00edtica, como a defesa da liberdade e do direito de propriedade. Muitos cidad\u00e3os que trabalham para conquistar seus bens ainda sofrem com invas\u00f5es ilegais e n\u00e3o podemos permitir que isso ainda aconte\u00e7a em Mato Grosso\u201d, declarou Cl\u00e1udio Paisagista ao comemorar a san\u00e7\u00e3o.<\/p>\n<p>A nova lei tem como objetivo reduzir o n\u00famero de invas\u00f5es impedindo que ocupantes comprovadamente ilegais recebam aux\u00edlios e benef\u00edcios de programas sociais do Governo do Estado; tomem posse em cargo p\u00fablico de confian\u00e7a ou contratem com o Poder P\u00fablico Estadual.<\/p>\n<p>O deputado Cl\u00e1udio Ferreira refor\u00e7ou ainda a defesa das medidas previstas no texto e criticou as pol\u00edticas que, segundo ele, geram o aumento de a\u00e7\u00f5es de invas\u00e3o no pa\u00eds. \u201cCom a retomada do poder pela esquerda no Brasil, aumentou-se a necessidade da aprova\u00e7\u00e3o de uma lei que crie san\u00e7\u00f5es aos criminosos que queiram atacar o direito das fam\u00edlias mato-grossenses. \u00c9 uma conquista significativa para Mato Grosso\u201d, comemorou.<\/p>\n<p>A lei tamb\u00e9m colabora com a postura de \u201ctoler\u00e2ncia zero \u00e0s invas\u00f5es de propriedade\u201d em Mato Grosso, defendida pelo governador Mauro Mendes, que em 2023 j\u00e1 havia enfatizado a posi\u00e7\u00e3o contr\u00e1ria do governo a movimentos de invas\u00f5es ilegais.<\/p>\n<p><br \/>\n<br \/><a href=\"https:\/\/rgtnews.com.br\/destaque\/governador-sanciona-lei-de-claudio-ferreira-que-cria-sancoes-a-invasores-de-terra-em-mt\/?utm_source=rss&#038;utm_medium=rss&#038;utm_campaign=governador-sanciona-lei-de-claudio-ferreira-que-cria-sancoes-a-invasores-de-terra-em-mt\">Fonte da Noticia <\/a><\/p>\n","protected":false},"excerpt":{"rendered":"<p>O governador Mauro Mendes (Uni\u00e3o) sancionou nesta segunda-feira (5) a lei 12.430\/2024 de autoria do deputado estadual Cl\u00e1udio Ferreira (PL), o paisagista, que cria san\u00e7\u00f5es aos invasores de propriedades privadas rurais e urbanas no Estado de Mato Grosso. \u201cEssa proposta vem ao encontro dos compromissos que assumi ao entrar para a pol\u00edtica, como a defesa [&hellip;]<\/p>\n","protected":false},"author":1,"featured_media":5693,"comment_status":"closed","ping_status":"closed","sticky":false,"template":"","format":"standard","meta":[],"categories":[1],"tags":[],"_links":{"self":[{"href":"https:\/\/ligana104.com.br\/2021\/wp-json\/wp\/v2\/posts\/5692"}],"collection":[{"href":"https:\/\/ligana104.com.br\/2021\/wp-json\/wp\/v2\/posts"}],"about":[{"href":"https:\/\/ligana104.com.br\/2021\/wp-json\/wp\/v2\/types\/post"}],"author":[{"embeddable":true,"href":"https:\/\/ligana104.com.br\/2021\/wp-json\/wp\/v2\/users\/1"}],"replies":[{"embeddable":true,"href":"https:\/\/ligana104.com.br\/2021\/wp-json\/wp\/v2\/comments?post=5692"}],"version-history":[{"count":1,"href":"https:\/\/ligana104.com.br\/2021\/wp-json\/wp\/v2\/posts\/5692\/revisions"}],"predecessor-version":[{"id":5694,"href":"https:\/\/ligana104.com.br\/2021\/wp-json\/wp\/v2\/posts\/5692\/revisions\/5694"}],"wp:featuredmedia":[{"embeddable":true,"href":"https:\/\/ligana104.com.br\/2021\/wp-json\/wp\/v2\/media\/5693"}],"wp:attachment":[{"href":"https:\/\/ligana104.com.br\/2021\/wp-json\/wp\/v2\/media?parent=5692"}],"wp:term":[{"taxonomy":"category","embeddable":true,"href":"https:\/\/ligana104.com.br\/2021\/wp-json\/wp\/v2\/categories?post=5692"},{"taxonomy":"post_tag","embeddable":true,"href":"https:\/\/ligana104.com.br\/2021\/wp-json\/wp\/v2\/tags?post=5692"}],"curies":[{"name":"wp","href":"https:\/\/api.w.org\/{rel}","templated":true}]}}