{"id":5689,"date":"2024-02-06T13:40:26","date_gmt":"2024-02-06T15:40:26","guid":{"rendered":"https:\/\/ligana104.com.br\/2021\/2024\/02\/06\/prefeito-participa-da-cerimonia-de-posse-da-primeira-reitora-da-ufr\/"},"modified":"2024-02-06T13:40:26","modified_gmt":"2024-02-06T15:40:26","slug":"prefeito-participa-da-cerimonia-de-posse-da-primeira-reitora-da-ufr","status":"publish","type":"post","link":"https:\/\/ligana104.com.br\/2021\/2024\/02\/06\/prefeito-participa-da-cerimonia-de-posse-da-primeira-reitora-da-ufr\/","title":{"rendered":"Prefeito participa da cerim\u00f4nia de posse da primeira reitora da UFR"},"content":{"rendered":"<p> <br \/>\n<\/p>\n<div id=\"infocoweb_corpo\">\n<p>  A  comunidade acad\u00eamica da Universidade Federal de Rondon\u00f3polis (UFR)  se reuniu na noite desta segunda-feira (05) para a cerimonia de posse  da reitora Analy Castilho Polizel de Souza e tamb\u00e9m do vice-reitor  Renato Wasques. A posse aconteceu na presen\u00e7a de autoridades  pol\u00edticas, militares e da sociedade civil organizada.<\/p>\n<p>Os  integrantes da banda Marinho e seus Beat Boys, composta por filhos de  pioneiros rondonopolitanos, abriu a cerimonia interpretando can\u00e7\u00f5es  que marcaram a hist\u00f3ria da cidade, assim como o evento que marcou a  posse da primeira reitora eleita da UFR.<\/p>\n<p>\u201cA  universidade respira democracia, \u00e9 aqui que voc\u00ea defende as  minorias, abre o debate\u201d, ressaltou o prefeito Jos\u00e9 Carlos do  P\u00e1tio. As parcerias que a prefeitura tem com a universidade v\u00e3o  continuar, como foi na doa\u00e7\u00e3o da \u00e1rea para constru\u00e7\u00e3o do   hospital universit\u00e1rio, no recapeamento de todo o campus, al\u00e9m dos  conv\u00eanios com os cursos de enfermagem e zootecnia. P\u00e1tio  parabenizou a reitora Analy pela posse e desejou sucesso na gest\u00e3o.<\/p>\n<figure><\/figure>\n<p>Para  a reitora empossada Analy Polizel esse \u00e9 um marco institucional, o  marco inicial da primeira gest\u00e3o eleita na UFR. \u201cTemos caminhado  para tornar a universidade um espa\u00e7o plural e acess\u00edvel, buscando o  sentimento de pertencimento \u00e0 comunidade\u201d, comentou. A reitora  falou da parceria com as outras universidades, chamadas de supernovas  e lembrou de alguns avan\u00e7os que a UFR j\u00e1 conquistou depois de sua  cria\u00e7\u00e3o, como novos cursos de gradua\u00e7\u00e3o, mais vagas para alunos,  al\u00e9m das 100 resolu\u00e7\u00f5es administrativas j\u00e1 aprovadas.<\/p>\n<p>O  senador Wellington Fagundes participou da posse da nova reitoria e  disse que a universidade est\u00e1 cumprindo suas metas e o desafio agora  pe ampliar ainda mais o campus. Fagundes estava acompanhado do  senador Marcelo Castrom, do Piau\u00ed, que representou a Comiss\u00e3o de  Educa\u00e7\u00e3o do Senado Federal.<\/p>\n<p>O  reitor da Universidade Federal de Mato Grosso, Evandro Soares da  Silva e o reitor da Universidade Federal de Jata\u00ed, Am\u00e9rico Nunes da  Silveira Neto tamb\u00e9m participara da cerimonia na UFR.<\/p>\n<p><img decoding=\"async\" src=\"https:\/\/urgentenews.com.br\/wp-content\/uploads\/2024\/02\/06\/65a31cc35ded4e63bf412ae89812556a.jpg\" data-image=\"DSC_3668.jpg\" style=\"cursor: pointer;max-width: 100%;height: auto;font-family: \" trebuchet=\"\" ms=\"\" neue=\"\" helvetica=\"\" tahoma=\"\" sans-serif=\"\"\/><\/p>\n<p id=\"infocoweb_fonte\" class=\"infocoweb_fonte\">Fonte: <a target=\"_blank\" href=\"http:\/\/www.rondonopolis.mt.gov.br\/noticias\/prefeito-participa-da-cerimonia-de-posse-da-primeira-reitora-da-ufr\/#5f81d58d-ece7-4b0b-b898-197ac39b477a\" rel=\"noopener\">Prefeitura de Rondon\u00f3polis \u2013 MT<\/a><\/p>\n<\/div>\n<p><br \/>\n<br \/><a href=\"https:\/\/nmt.com.br\/2024\/02\/06\/prefeito-participa-da-cerimonia-de-posse-da-primeira-reitora-da-ufr\/\">Fonte da Noticia <\/a><\/p>\n","protected":false},"excerpt":{"rendered":"<p>A comunidade acad\u00eamica da Universidade Federal de Rondon\u00f3polis (UFR) se reuniu na noite desta segunda-feira (05) para a cerimonia de posse da reitora Analy Castilho Polizel de Souza e tamb\u00e9m do vice-reitor Renato Wasques. A posse aconteceu na presen\u00e7a de autoridades pol\u00edticas, militares e da sociedade civil organizada. Os integrantes da banda Marinho e seus [&hellip;]<\/p>\n","protected":false},"author":1,"featured_media":5690,"comment_status":"closed","ping_status":"closed","sticky":false,"template":"","format":"standard","meta":[],"categories":[1],"tags":[],"_links":{"self":[{"href":"https:\/\/ligana104.com.br\/2021\/wp-json\/wp\/v2\/posts\/5689"}],"collection":[{"href":"https:\/\/ligana104.com.br\/2021\/wp-json\/wp\/v2\/posts"}],"about":[{"href":"https:\/\/ligana104.com.br\/2021\/wp-json\/wp\/v2\/types\/post"}],"author":[{"embeddable":true,"href":"https:\/\/ligana104.com.br\/2021\/wp-json\/wp\/v2\/users\/1"}],"replies":[{"embeddable":true,"href":"https:\/\/ligana104.com.br\/2021\/wp-json\/wp\/v2\/comments?post=5689"}],"version-history":[{"count":1,"href":"https:\/\/ligana104.com.br\/2021\/wp-json\/wp\/v2\/posts\/5689\/revisions"}],"predecessor-version":[{"id":5691,"href":"https:\/\/ligana104.com.br\/2021\/wp-json\/wp\/v2\/posts\/5689\/revisions\/5691"}],"wp:featuredmedia":[{"embeddable":true,"href":"https:\/\/ligana104.com.br\/2021\/wp-json\/wp\/v2\/media\/5690"}],"wp:attachment":[{"href":"https:\/\/ligana104.com.br\/2021\/wp-json\/wp\/v2\/media?parent=5689"}],"wp:term":[{"taxonomy":"category","embeddable":true,"href":"https:\/\/ligana104.com.br\/2021\/wp-json\/wp\/v2\/categories?post=5689"},{"taxonomy":"post_tag","embeddable":true,"href":"https:\/\/ligana104.com.br\/2021\/wp-json\/wp\/v2\/tags?post=5689"}],"curies":[{"name":"wp","href":"https:\/\/api.w.org\/{rel}","templated":true}]}}