{"id":5683,"date":"2024-02-06T11:35:40","date_gmt":"2024-02-06T13:35:40","guid":{"rendered":"https:\/\/ligana104.com.br\/2021\/2024\/02\/06\/arquidiocese-vai-apurar-nova-denuncia-contra-julio-lancellotti\/"},"modified":"2024-02-06T11:35:41","modified_gmt":"2024-02-06T13:35:41","slug":"arquidiocese-vai-apurar-nova-denuncia-contra-julio-lancellotti","status":"publish","type":"post","link":"https:\/\/ligana104.com.br\/2021\/2024\/02\/06\/arquidiocese-vai-apurar-nova-denuncia-contra-julio-lancellotti\/","title":{"rendered":"Arquidiocese vai apurar nova den\u00fancia contra Julio Lancellotti"},"content":{"rendered":"<p> <br \/>\n<\/p>\n<div>\n<p>A Arquidiocese de S\u00e3o Paulo emitiu uma nota para dizer que vai investigar a den\u00fancia feita pelo jornalista Cristiano Gomes contra o padre J\u00falio Lancellotti. Gomes foi coroinha da igreja e alega ter sido abusado sexualmente pelo padre em 12 de maio de 1987, quando ele tinha 11 anos.<\/p>\n<p>A igreja fala que est\u00e1 em \u201cbusca da verdade\u201d e quer ouvir o denunciante sobre o relato feito por ele para a Revista Oeste no dia 30 de janeiro deste ano.<\/p>\n<p>Em sua fala, Cristiano Gomes diz que o fato ocorreu ap\u00f3s a missa de s\u00e9timo dia de sua av\u00f3, quando ele foi \u00e0 sacristia para chorar a perda.<\/p>\n<p>\u2013 Nesse momento, o padre entrou e me abra\u00e7ou, um abra\u00e7o que parecia ser afetuoso. Eu tinha muita admira\u00e7\u00e3o por ele e recebi aquele abra\u00e7o como se fosse de um pai. Ele me abra\u00e7ava e falava \u201cte gosto muito, n\u00e3o fique assim\u201d. S\u00f3 que isso evoluiu. A barba dele, por fazer, come\u00e7ou a ro\u00e7ar no meu rosto, ele apertou mais o corpo contra o meu e come\u00e7ou a fazer movimentos \u2014 ou seja, esfregar-se em mim. Naquele momento, senti que ele estava excitado. Toda aquela admira\u00e7\u00e3o que eu tinha por ele virou medo. Eu me desvenciliei dos bra\u00e7os dele, sa\u00ed correndo e nunca mais voltei \u00e0 igreja \u2013 falou.<\/p>\n<p>E continuou:<\/p>\n<p>\u2013 As pessoas conhecem o personagem padre J\u00falio. Mas eu, da pior maneira poss\u00edvel, conheci o homem J\u00falio Renato Lancellotti \u2013 disse o jornalista.<\/p>\n<p>A nota da Arquidiocese explicou ainda que o caso envolvendo um v\u00eddeo onde o padre J\u00falio Lancellotti faz uma chamada er\u00f3tica para um menor n\u00e3o foi arquivado.<\/p>\n<p>\u2013 O arquivamento mencionado naquela nota referia-se ao procedimento investigativo realizado pela C\u00faria Metropolitana em 2020 (\u2026) A recente divulga\u00e7\u00e3o de laudos periciais com resultados contradit\u00f3rios e a not\u00edcia de um suposto novo fato de abuso sexual envolvendo o referido sacerdote requerem uma nova investiga\u00e7\u00e3o da parte da Arquidiocese para a busca da verdade \u2013 diz o documento.<\/p>\n<p><strong>LEIA NA \u00cdNTEGRA:<\/strong><br \/><em>Diante das interpreta\u00e7\u00f5es equivocadas e amplamente divulgadas na opini\u00e3o p\u00fablica sobre a Nota de Esclarecimento da Arquidiocese de S\u00e3o Paulo, publicada no dia 23 de janeiro de 2024, a respeito da den\u00fancia contra o Padre J\u00falio Renato Lancellotti, recebida da presid\u00eancia da C\u00e2mara Municipal de S\u00e3o Paulo no dia 22 do mesmo m\u00eas, esclarecemos o seguinte:<\/em><\/p>\n<p><em>1. N\u00e3o houve e n\u00e3o h\u00e1 arquivamento dessa atual den\u00fancia e a Arquidiocese segue atenta aos ulteriores elementos sobre os fatos denunciados e a toda investiga\u00e7\u00e3o s\u00e9ria, fazendo o que lhe compete conforme a norma da Igreja e investigando o caso na \u00e1rea de sua compet\u00eancia, distante de interesses ideol\u00f3gicos e pol\u00edticos, com serenidade e objetividade.<\/em><\/p>\n<p><em>2. O arquivamento mencionado naquela nota referia-se ao procedimento investigativo realizado pela C\u00faria Metropolitana em 2020. \u00c9 o que j\u00e1 se dizia na mesma nota de 23 de janeiro.<\/em><\/p>\n<p><em>3. A recente divulga\u00e7\u00e3o de laudos periciais com resultados contradit\u00f3rios e a not\u00edcia de um suposto novo fato de abuso sexual envolvendo o referido sacerdote requerem uma nova investiga\u00e7\u00e3o da parte da Arquidiocese para a busca da verdade.<\/em><\/p>\n<p><em>S\u00e3o Paulo, 5 de fevereiro de 2024.<\/em><br \/><em>Padre Michelino Roberto<\/em><br \/><em>Vig\u00e1rio Episcopal para a Pastoral da Comunica\u00e7\u00e3o da Arquidiocese de S\u00e3o Paulo<\/em><\/p>\n<\/p><\/div>\n<p><br \/>\n<br \/><a href=\"https:\/\/rgtnews.com.br\/noticias\/cidades\/arquidiocese-vai-apurar-nova-denuncia-contra-julio-lancellotti\/?utm_source=rss&#038;utm_medium=rss&#038;utm_campaign=arquidiocese-vai-apurar-nova-denuncia-contra-julio-lancellotti\">Fonte da Noticia <\/a><\/p>\n","protected":false},"excerpt":{"rendered":"<p>A Arquidiocese de S\u00e3o Paulo emitiu uma nota para dizer que vai investigar a den\u00fancia feita pelo jornalista Cristiano Gomes contra o padre J\u00falio Lancellotti. Gomes foi coroinha da igreja e alega ter sido abusado sexualmente pelo padre em 12 de maio de 1987, quando ele tinha 11 anos. A igreja fala que est\u00e1 em [&hellip;]<\/p>\n","protected":false},"author":1,"featured_media":5684,"comment_status":"closed","ping_status":"closed","sticky":false,"template":"","format":"standard","meta":[],"categories":[1],"tags":[],"_links":{"self":[{"href":"https:\/\/ligana104.com.br\/2021\/wp-json\/wp\/v2\/posts\/5683"}],"collection":[{"href":"https:\/\/ligana104.com.br\/2021\/wp-json\/wp\/v2\/posts"}],"about":[{"href":"https:\/\/ligana104.com.br\/2021\/wp-json\/wp\/v2\/types\/post"}],"author":[{"embeddable":true,"href":"https:\/\/ligana104.com.br\/2021\/wp-json\/wp\/v2\/users\/1"}],"replies":[{"embeddable":true,"href":"https:\/\/ligana104.com.br\/2021\/wp-json\/wp\/v2\/comments?post=5683"}],"version-history":[{"count":1,"href":"https:\/\/ligana104.com.br\/2021\/wp-json\/wp\/v2\/posts\/5683\/revisions"}],"predecessor-version":[{"id":5685,"href":"https:\/\/ligana104.com.br\/2021\/wp-json\/wp\/v2\/posts\/5683\/revisions\/5685"}],"wp:featuredmedia":[{"embeddable":true,"href":"https:\/\/ligana104.com.br\/2021\/wp-json\/wp\/v2\/media\/5684"}],"wp:attachment":[{"href":"https:\/\/ligana104.com.br\/2021\/wp-json\/wp\/v2\/media?parent=5683"}],"wp:term":[{"taxonomy":"category","embeddable":true,"href":"https:\/\/ligana104.com.br\/2021\/wp-json\/wp\/v2\/categories?post=5683"},{"taxonomy":"post_tag","embeddable":true,"href":"https:\/\/ligana104.com.br\/2021\/wp-json\/wp\/v2\/tags?post=5683"}],"curies":[{"name":"wp","href":"https:\/\/api.w.org\/{rel}","templated":true}]}}