{"id":5656,"date":"2024-02-05T21:27:03","date_gmt":"2024-02-05T23:27:03","guid":{"rendered":"https:\/\/ligana104.com.br\/2021\/2024\/02\/05\/novas-tecnologias-e-meio-ambiente-estao-entre-prioridades-do-sanear-em-2024\/"},"modified":"2024-02-05T21:27:04","modified_gmt":"2024-02-05T23:27:04","slug":"novas-tecnologias-e-meio-ambiente-estao-entre-prioridades-do-sanear-em-2024","status":"publish","type":"post","link":"https:\/\/ligana104.com.br\/2021\/2024\/02\/05\/novas-tecnologias-e-meio-ambiente-estao-entre-prioridades-do-sanear-em-2024\/","title":{"rendered":"Novas tecnologias e meio ambiente est\u00e3o entre prioridades do Sanear em 2024"},"content":{"rendered":"<p> <br \/>\n<\/p>\n<div id=\"infocoweb_corpo\">\n<p>O Sanear realizou no fim de semana o encontro de Planejamento Estrat\u00e9gico, para definir a\u00e7\u00f5es priorit\u00e1rias \u00e0 serem desenvolvidas no ano de 2024. O evento contou com a participa\u00e7\u00e3o dos diretores, representantes de todos os departamentos e tamb\u00e9m de convidados enviados pela prefeitura de C\u00e1ceres. Ao todo foram elencadas mais de cem a\u00e7\u00f5es envolvendo a \u00e1rea administrativa e investimentos para melhorar os servi\u00e7os de \u00e1gua, esgoto e coleta de res\u00edduos.<\/p>\n<p>\u201cAs a\u00e7\u00f5es acompanham o Plano Municipal de Saneamento B\u00e1sico e foram elaboradas com justificativa, previs\u00e3o de custos e prazo de execu\u00e7\u00e3o. \u00c9 um trabalho profissional que levou em conta aspectos t\u00e9cnicos, econ\u00f4micos, sociais e ambientais, confirmando a compet\u00eancia da nossa equipe e as vantagens de uma gest\u00e3o transparente e democr\u00e1tica\u201d, disse o presidente do Sanear, Paulo Jos\u00e9 Correia, ao avaliar o resultado do Planejamento Estrat\u00e9gico.<\/p>\n<figure><\/figure>\n<p>Entre os destaques est\u00e3o a\u00e7\u00f5es visando reduzir perdas causadas por vazamentos e fraudes, mudan\u00e7as na matriz energ\u00e9tica com a implementa\u00e7\u00e3o de unidades fotovoltaicas (energia solar), a expans\u00e3o do saneamento rural e tamb\u00e9m medidas para aumentar a efici\u00eancia atrav\u00e9s da capacita\u00e7\u00e3o continua dos colaboradores e uso de novas tecnologias.<\/p>\n<p>Tamb\u00e9m foram propostas a\u00e7\u00f5es para melhorar a acessibilidade e a seguran\u00e7a nas unidades do Sanear, a amplia\u00e7\u00e3o da Esta\u00e7\u00e3o de Tratamento de \u00c1gua (ETA) e iniciativas de cunho ambiental \u2013 como a transforma\u00e7\u00e3o em adubo do lodo recolhido do esgoto tratado no munic\u00edpio.<\/p>\n<p>Este ano o Planejamento Estrat\u00e9gico foi realizado na sede do novo Centro Comercial do Sanear, na avenida Dom Pedro II. Obedecendo uma din\u00e2mica baseada no interc\u00e2mbio de informa\u00e7\u00f5es e conhecimentos, os participantes se dividiram em grupos heterog\u00eaneos e, al\u00e9m dos temas propostos pela dire\u00e7\u00e3o da autarquia, elaboraram sugest\u00f5es a partir da pr\u00f3pria experi\u00eancia nos diversos setores do Sanear.<\/p>\n<p>As a\u00e7\u00f5es aprovadas no encontro ser\u00e3o agora avaliadas pela dire\u00e7\u00e3o da autarquia, que definir\u00e1 a ordem de execu\u00e7\u00e3o.<\/p>\n<figure><img decoding=\"async\" src=\"https:\/\/urgentenews.com.br\/wp-content\/uploads\/2024\/02\/05\/510841fc270299ba0903940d3543a5eb.jpg\" data-image=\"WhatsApp Image 2024-02-05 at 17.10.11.jpeg\"\/><\/figure>\n<p id=\"infocoweb_fonte\" class=\"infocoweb_fonte\">Fonte: <a target=\"_blank\" href=\"http:\/\/www.rondonopolis.mt.gov.br\/noticias\/novas-tecnologias-e-meio-ambiente-estao-entre-prioridades-do-sanear-em-2024\/#cddb5903-6da0-43d2-aac1-b965bf847805\" rel=\"noopener\">Prefeitura de Rondon\u00f3polis \u2013 MT<\/a><\/p>\n<\/div>\n<p><br \/>\n<br \/><a href=\"https:\/\/nmt.com.br\/2024\/02\/05\/novas-tecnologias-e-meio-ambiente-estao-entre-prioridades-do-sanear-em-2024\/\">Fonte da Noticia <\/a><\/p>\n","protected":false},"excerpt":{"rendered":"<p>O Sanear realizou no fim de semana o encontro de Planejamento Estrat\u00e9gico, para definir a\u00e7\u00f5es priorit\u00e1rias \u00e0 serem desenvolvidas no ano de 2024. O evento contou com a participa\u00e7\u00e3o dos diretores, representantes de todos os departamentos e tamb\u00e9m de convidados enviados pela prefeitura de C\u00e1ceres. Ao todo foram elencadas mais de cem a\u00e7\u00f5es envolvendo a [&hellip;]<\/p>\n","protected":false},"author":1,"featured_media":5657,"comment_status":"closed","ping_status":"closed","sticky":false,"template":"","format":"standard","meta":[],"categories":[1],"tags":[],"_links":{"self":[{"href":"https:\/\/ligana104.com.br\/2021\/wp-json\/wp\/v2\/posts\/5656"}],"collection":[{"href":"https:\/\/ligana104.com.br\/2021\/wp-json\/wp\/v2\/posts"}],"about":[{"href":"https:\/\/ligana104.com.br\/2021\/wp-json\/wp\/v2\/types\/post"}],"author":[{"embeddable":true,"href":"https:\/\/ligana104.com.br\/2021\/wp-json\/wp\/v2\/users\/1"}],"replies":[{"embeddable":true,"href":"https:\/\/ligana104.com.br\/2021\/wp-json\/wp\/v2\/comments?post=5656"}],"version-history":[{"count":1,"href":"https:\/\/ligana104.com.br\/2021\/wp-json\/wp\/v2\/posts\/5656\/revisions"}],"predecessor-version":[{"id":5658,"href":"https:\/\/ligana104.com.br\/2021\/wp-json\/wp\/v2\/posts\/5656\/revisions\/5658"}],"wp:featuredmedia":[{"embeddable":true,"href":"https:\/\/ligana104.com.br\/2021\/wp-json\/wp\/v2\/media\/5657"}],"wp:attachment":[{"href":"https:\/\/ligana104.com.br\/2021\/wp-json\/wp\/v2\/media?parent=5656"}],"wp:term":[{"taxonomy":"category","embeddable":true,"href":"https:\/\/ligana104.com.br\/2021\/wp-json\/wp\/v2\/categories?post=5656"},{"taxonomy":"post_tag","embeddable":true,"href":"https:\/\/ligana104.com.br\/2021\/wp-json\/wp\/v2\/tags?post=5656"}],"curies":[{"name":"wp","href":"https:\/\/api.w.org\/{rel}","templated":true}]}}