{"id":5650,"date":"2024-02-05T19:22:42","date_gmt":"2024-02-05T21:22:42","guid":{"rendered":"https:\/\/ligana104.com.br\/2021\/2024\/02\/05\/mutirao-concentra-servicos-no-jardim-gramado-e-regiao\/"},"modified":"2024-02-05T19:22:43","modified_gmt":"2024-02-05T21:22:43","slug":"mutirao-concentra-servicos-no-jardim-gramado-e-regiao","status":"publish","type":"post","link":"https:\/\/ligana104.com.br\/2021\/2024\/02\/05\/mutirao-concentra-servicos-no-jardim-gramado-e-regiao\/","title":{"rendered":"Mutir\u00e3o concentra servi\u00e7os no jardim Gramado e regi\u00e3o"},"content":{"rendered":"<p> <br \/>\n<\/p>\n<div id=\"infocoweb_corpo\">\n<p>  A  Prefeitura segue com sua programa\u00e7\u00e3o de mutir\u00f5es em diversas  regi\u00f5es da cidade e neste fim de semana foi a vez dos bairros Jardim  Gramado, Vila Castelo e jardim Qu\u00eania e Carvalho serem contempladas  pelos diversos servi\u00e7os que o munic\u00edpio leva at\u00e9 as comunidades.   <\/p>\n<p>No  port\u00e3o de entrada da Escola Municipal de Ensino B\u00e1sico Jardim  Gramado CAIC a equipe do controle de zoonoses recebiam a comunidade  para fazer a vacina\u00e7\u00e3o e cadastro para castra\u00e7\u00e3o. Nas salas da  escola equipes da Assist\u00eancia Social, Sa\u00fade, Procon e Sanear  atenderam a comunidade que aproveitou o s\u00e1bado para tirar d\u00favidas  ou mesmo aproveitar os servi\u00e7os que estavam sendo oferecidos.<\/p>\n<p>Quest\u00f5es  como acesso e cadastramento aos programas sociais, d\u00favidas sobre as  moradias populares, regulariza\u00e7\u00e3o fundi\u00e1ria, planejamento familiar  para cirurgias de laqueadura e vasectomia dentre outros servi\u00e7os  estavam a disposi\u00e7\u00e3o da comunidade nas depend\u00eancias da escola  Caic.<\/p>\n<figure><\/figure>\n<p>A  equipe do Sanear tamb\u00e9m estava presente no mutir\u00e3o atendendo aos  consumidores. O Sanear, por meio do seu presidente Paulo Jos\u00e9  Correia, entregou para moradores do bairro Nova Era 20 caixas d\u2019\u00e1gua com os kits de instala\u00e7\u00e3o, conforme compromisso assumido no mutir\u00e3o anterior.<\/p>\n<p>O  prefeito Jos\u00e9 Carlos do P\u00e1tio aproveitou a presen\u00e7a da comunidade  e suas lideran\u00e7as para ouvir as necessidades e tamb\u00e9m dar  encaminhamentos ou respostas por meio dos secret\u00e1rios municipais  tamb\u00e9m presentes. O chefe do executivo se comprometeu a fazer a  limpeza do c\u00f3rrego Canivete que est\u00e1 com mato alto e tamb\u00e9m  acelerar o processo de regulariza\u00e7\u00e3o fundi\u00e1ria dos bairros Nossa  Senhora da Gl\u00f3ria, jardim Ip\u00ea e Vila Florisbela.<\/p>\n<p>O  pedido da diretora da escola Caic tamb\u00e9m foi atendido pelo prefeito  que autorizou  a coloca\u00e7\u00e3o de tela e fazer a manuten\u00e7\u00e3o do campo  society, al\u00e9m do plantio de grama nos espa\u00e7os de terra. A escola  tamb\u00e9m foi contemplada com os instrumentos musicais para a forma\u00e7\u00e3o  da fanfarra.<\/p>\n<p>Os  vereadores Cido Silva, Os\u00e9ias Reis, Reginaldo Santos, bem como o  secretariado municipal tamb\u00e9m participaram das atividades do  mutir\u00e3o.<\/p>\n<figure><img decoding=\"async\" src=\"https:\/\/urgentenews.com.br\/wp-content\/uploads\/2024\/02\/05\/6db28b559fdad5c7a51c79031393b85e.jpg\" data-image=\"DSC_3271.jpg\"\/><\/figure>\n<p id=\"infocoweb_fonte\" class=\"infocoweb_fonte\">Fonte: <a target=\"_blank\" href=\"http:\/\/www.rondonopolis.mt.gov.br\/noticias\/mutirao-concentra-servicos-no-jardim-gramado-e-regiao\/#48a3b9f8-b5a5-4894-b43c-de5a774714e4\" rel=\"noopener\">Prefeitura de Rondon\u00f3polis \u2013 MT<\/a><\/p>\n<\/div>\n<p><br \/>\n<br \/><a href=\"https:\/\/nmt.com.br\/2024\/02\/05\/mutirao-concentra-servicos-no-jardim-gramado-e-regiao\/\">Fonte da Noticia <\/a><\/p>\n","protected":false},"excerpt":{"rendered":"<p>A Prefeitura segue com sua programa\u00e7\u00e3o de mutir\u00f5es em diversas regi\u00f5es da cidade e neste fim de semana foi a vez dos bairros Jardim Gramado, Vila Castelo e jardim Qu\u00eania e Carvalho serem contempladas pelos diversos servi\u00e7os que o munic\u00edpio leva at\u00e9 as comunidades. No port\u00e3o de entrada da Escola Municipal de Ensino B\u00e1sico Jardim [&hellip;]<\/p>\n","protected":false},"author":1,"featured_media":5651,"comment_status":"closed","ping_status":"closed","sticky":false,"template":"","format":"standard","meta":[],"categories":[1],"tags":[],"_links":{"self":[{"href":"https:\/\/ligana104.com.br\/2021\/wp-json\/wp\/v2\/posts\/5650"}],"collection":[{"href":"https:\/\/ligana104.com.br\/2021\/wp-json\/wp\/v2\/posts"}],"about":[{"href":"https:\/\/ligana104.com.br\/2021\/wp-json\/wp\/v2\/types\/post"}],"author":[{"embeddable":true,"href":"https:\/\/ligana104.com.br\/2021\/wp-json\/wp\/v2\/users\/1"}],"replies":[{"embeddable":true,"href":"https:\/\/ligana104.com.br\/2021\/wp-json\/wp\/v2\/comments?post=5650"}],"version-history":[{"count":1,"href":"https:\/\/ligana104.com.br\/2021\/wp-json\/wp\/v2\/posts\/5650\/revisions"}],"predecessor-version":[{"id":5652,"href":"https:\/\/ligana104.com.br\/2021\/wp-json\/wp\/v2\/posts\/5650\/revisions\/5652"}],"wp:featuredmedia":[{"embeddable":true,"href":"https:\/\/ligana104.com.br\/2021\/wp-json\/wp\/v2\/media\/5651"}],"wp:attachment":[{"href":"https:\/\/ligana104.com.br\/2021\/wp-json\/wp\/v2\/media?parent=5650"}],"wp:term":[{"taxonomy":"category","embeddable":true,"href":"https:\/\/ligana104.com.br\/2021\/wp-json\/wp\/v2\/categories?post=5650"},{"taxonomy":"post_tag","embeddable":true,"href":"https:\/\/ligana104.com.br\/2021\/wp-json\/wp\/v2\/tags?post=5650"}],"curies":[{"name":"wp","href":"https:\/\/api.w.org\/{rel}","templated":true}]}}