{"id":5641,"date":"2024-02-05T16:17:05","date_gmt":"2024-02-05T18:17:05","guid":{"rendered":"https:\/\/ligana104.com.br\/2021\/2024\/02\/05\/idoso-e-esmagado-por-caminhao-e-estado-do-corpo-choca-populares-assista\/"},"modified":"2024-02-05T16:17:06","modified_gmt":"2024-02-05T18:17:06","slug":"idoso-e-esmagado-por-caminhao-e-estado-do-corpo-choca-populares-assista","status":"publish","type":"post","link":"https:\/\/ligana104.com.br\/2021\/2024\/02\/05\/idoso-e-esmagado-por-caminhao-e-estado-do-corpo-choca-populares-assista\/","title":{"rendered":"Idoso \u00e9 esmagado por caminh\u00e3o e estado do corpo choca populares; assista"},"content":{"rendered":"<p> <br \/>\n<\/p>\n<p data-reader-unique-id=\"30\">Um v\u00eddeo chocante viralizou em aplicativos de mensagens instant\u00e2neas nesta segunda-feira (05), mostrando como ficou o corpo de um idoso de 70 anos, que foi atropelado por um caminh\u00e3o. O caso aconteceu no final da tarde deste \u00faltimo s\u00e1bado (03), na BR-423, em Guaranhus, Agreste de Pernambuco.<\/p>\n<p data-reader-unique-id=\"31\">De acordo com informa\u00e7\u00f5es da Pol\u00edcia Militar, o homem foi identificado como Luiz Leite da Silva. Ele estaria andando de bicicleta, como de costume fazia, quando acabou perdendo o controle da dire\u00e7\u00e3o e atingiu a lateral de uma carreta que trafegava pela via.<\/p>\n<p data-reader-unique-id=\"32\">Luiz acabou sendo arrastado por aproximadamente 30 metros e foi esmagado pelo grande ve\u00edculo.<\/p>\n<p data-reader-unique-id=\"33\">O motorista da carreta permaneceu no local e prestou esclarecimentos sobre o ocorrido, al\u00e9m de ter passado pelo teste do baf\u00f4metro. O corpo do idoso foi encaminhado ao Instituto M\u00e9dico Legal (IML) de Caruaru e posteriormente foi liberado para os familiares se despedirem.<\/p>\n<p data-reader-unique-id=\"34\"><strong data-reader-unique-id=\"35\">Veja v\u00eddeo <a href=\"https:\/\/cm7brasil.com\/noticias\/brasil\/desmanchou-ele-todinho-idoso-e-esm4gad0-por-carreta-e-populacao-fica-chocada-veja-o-video\/\">AQUI<\/a><\/strong><\/p>\n<p><br \/>\n<br \/><a href=\"https:\/\/rgtnews.com.br\/noticias\/variedades\/idoso-e-esmagado-por-caminhao-e-estado-do-corpo-choca-populares-assista\/?utm_source=rss&#038;utm_medium=rss&#038;utm_campaign=idoso-e-esmagado-por-caminhao-e-estado-do-corpo-choca-populares-assista\">Fonte da Noticia <\/a><\/p>\n","protected":false},"excerpt":{"rendered":"<p>Um v\u00eddeo chocante viralizou em aplicativos de mensagens instant\u00e2neas nesta segunda-feira (05), mostrando como ficou o corpo de um idoso de 70 anos, que foi atropelado por um caminh\u00e3o. O caso aconteceu no final da tarde deste \u00faltimo s\u00e1bado (03), na BR-423, em Guaranhus, Agreste de Pernambuco. De acordo com informa\u00e7\u00f5es da Pol\u00edcia Militar, o [&hellip;]<\/p>\n","protected":false},"author":1,"featured_media":5642,"comment_status":"closed","ping_status":"closed","sticky":false,"template":"","format":"standard","meta":[],"categories":[1],"tags":[],"_links":{"self":[{"href":"https:\/\/ligana104.com.br\/2021\/wp-json\/wp\/v2\/posts\/5641"}],"collection":[{"href":"https:\/\/ligana104.com.br\/2021\/wp-json\/wp\/v2\/posts"}],"about":[{"href":"https:\/\/ligana104.com.br\/2021\/wp-json\/wp\/v2\/types\/post"}],"author":[{"embeddable":true,"href":"https:\/\/ligana104.com.br\/2021\/wp-json\/wp\/v2\/users\/1"}],"replies":[{"embeddable":true,"href":"https:\/\/ligana104.com.br\/2021\/wp-json\/wp\/v2\/comments?post=5641"}],"version-history":[{"count":1,"href":"https:\/\/ligana104.com.br\/2021\/wp-json\/wp\/v2\/posts\/5641\/revisions"}],"predecessor-version":[{"id":5643,"href":"https:\/\/ligana104.com.br\/2021\/wp-json\/wp\/v2\/posts\/5641\/revisions\/5643"}],"wp:featuredmedia":[{"embeddable":true,"href":"https:\/\/ligana104.com.br\/2021\/wp-json\/wp\/v2\/media\/5642"}],"wp:attachment":[{"href":"https:\/\/ligana104.com.br\/2021\/wp-json\/wp\/v2\/media?parent=5641"}],"wp:term":[{"taxonomy":"category","embeddable":true,"href":"https:\/\/ligana104.com.br\/2021\/wp-json\/wp\/v2\/categories?post=5641"},{"taxonomy":"post_tag","embeddable":true,"href":"https:\/\/ligana104.com.br\/2021\/wp-json\/wp\/v2\/tags?post=5641"}],"curies":[{"name":"wp","href":"https:\/\/api.w.org\/{rel}","templated":true}]}}