{"id":5629,"date":"2024-02-05T12:05:57","date_gmt":"2024-02-05T14:05:57","guid":{"rendered":"https:\/\/ligana104.com.br\/2021\/2024\/02\/05\/junior-mendonca-participa-de-entrega-de-obras-publicas-em-rondonopolis\/"},"modified":"2024-02-05T12:05:59","modified_gmt":"2024-02-05T14:05:59","slug":"junior-mendonca-participa-de-entrega-de-obras-publicas-em-rondonopolis","status":"publish","type":"post","link":"https:\/\/ligana104.com.br\/2021\/2024\/02\/05\/junior-mendonca-participa-de-entrega-de-obras-publicas-em-rondonopolis\/","title":{"rendered":"J\u00fanior Mendon\u00e7a participa de entrega de obras p\u00fablicas em Rondon\u00f3polis"},"content":{"rendered":"<p> <br \/>\n<\/p>\n<div>\n<div class=\"td-post-featured-image\"><\/div>\n<p>O vereador J\u00fanior Mendon\u00e7a (PT), presidente da C\u00e2mara Municipal de Rondon\u00f3polis, participou neste final de semana da entrega para a comunidade do Jardim Tropical, de uma nova \u00e1rea de lazer e o primeiro campo society com grama sint\u00e9tica.<\/p>\n<p>Durante sua fala no ato inaugural o parlamentar destacou a iniciativa que visa fortalecer o conv\u00edvio, promover a uni\u00e3o e melhorar a qualidade de vida para a popula\u00e7\u00e3o de nossa cidade.<\/p>\n<p>\u201cNosso foco \u00e9 investir no cidad\u00e3o e na melhor qualidade de vida para o nosso povo. Lazer \u00e9 sa\u00fade, estamos entregando hoje para essa comunidade muito mais que uma pra\u00e7a e uma \u00e1rea de lazer, \u00e9 o resgate da dignidade do nosso povo\u201d, J\u00fanior Mendon\u00e7a.<\/p>\n<p>\u201cRondon\u00f3polis merece mais espa\u00e7os verdes e \u00e1reas para as fam\u00edlias desfrutar de momentos saud\u00e1veis. Al\u00e9m disso, estamos resgatando muitos jovens que est\u00e3o \u00e0 margem da sociedade e dando a eles a oportunidade de crescimento e desenvolvimento\u201d, finalizou J\u00fanior Mendon\u00e7a.<\/p>\n<p>Al\u00e9m da reforma da pra\u00e7a e da constru\u00e7\u00e3o do campo society com grama sint\u00e9tica, a regi\u00e3o do bairro Jardim Tropical tamb\u00e9m recebeu outras benfeitorias como, sinaliza\u00e7\u00e3o vertical e horizontal e opera\u00e7\u00e3o tapa buracos.<\/p>\n<\/p><\/div>\n<p><br \/>\n<br \/><a href=\"https:\/\/nmt.com.br\/2024\/02\/05\/junior-mendonca-participa-de-entrega-de-obras-publicas-em-rondonopolis\/\">Fonte da Noticia <\/a><\/p>\n","protected":false},"excerpt":{"rendered":"<p>O vereador J\u00fanior Mendon\u00e7a (PT), presidente da C\u00e2mara Municipal de Rondon\u00f3polis, participou neste final de semana da entrega para a comunidade do Jardim Tropical, de uma nova \u00e1rea de lazer e o primeiro campo society com grama sint\u00e9tica. Durante sua fala no ato inaugural o parlamentar destacou a iniciativa que visa fortalecer o conv\u00edvio, promover [&hellip;]<\/p>\n","protected":false},"author":1,"featured_media":5630,"comment_status":"closed","ping_status":"closed","sticky":false,"template":"","format":"standard","meta":[],"categories":[1],"tags":[],"_links":{"self":[{"href":"https:\/\/ligana104.com.br\/2021\/wp-json\/wp\/v2\/posts\/5629"}],"collection":[{"href":"https:\/\/ligana104.com.br\/2021\/wp-json\/wp\/v2\/posts"}],"about":[{"href":"https:\/\/ligana104.com.br\/2021\/wp-json\/wp\/v2\/types\/post"}],"author":[{"embeddable":true,"href":"https:\/\/ligana104.com.br\/2021\/wp-json\/wp\/v2\/users\/1"}],"replies":[{"embeddable":true,"href":"https:\/\/ligana104.com.br\/2021\/wp-json\/wp\/v2\/comments?post=5629"}],"version-history":[{"count":1,"href":"https:\/\/ligana104.com.br\/2021\/wp-json\/wp\/v2\/posts\/5629\/revisions"}],"predecessor-version":[{"id":5631,"href":"https:\/\/ligana104.com.br\/2021\/wp-json\/wp\/v2\/posts\/5629\/revisions\/5631"}],"wp:featuredmedia":[{"embeddable":true,"href":"https:\/\/ligana104.com.br\/2021\/wp-json\/wp\/v2\/media\/5630"}],"wp:attachment":[{"href":"https:\/\/ligana104.com.br\/2021\/wp-json\/wp\/v2\/media?parent=5629"}],"wp:term":[{"taxonomy":"category","embeddable":true,"href":"https:\/\/ligana104.com.br\/2021\/wp-json\/wp\/v2\/categories?post=5629"},{"taxonomy":"post_tag","embeddable":true,"href":"https:\/\/ligana104.com.br\/2021\/wp-json\/wp\/v2\/tags?post=5629"}],"curies":[{"name":"wp","href":"https:\/\/api.w.org\/{rel}","templated":true}]}}