{"id":5536,"date":"2024-02-01T14:39:00","date_gmt":"2024-02-01T16:39:00","guid":{"rendered":"https:\/\/ligana104.com.br\/2021\/2024\/02\/01\/prefeito-discute-obras-de-infraestrutura-com-o-governador-mauro-mendes\/"},"modified":"2024-02-01T14:39:01","modified_gmt":"2024-02-01T16:39:01","slug":"prefeito-discute-obras-de-infraestrutura-com-o-governador-mauro-mendes","status":"publish","type":"post","link":"https:\/\/ligana104.com.br\/2021\/2024\/02\/01\/prefeito-discute-obras-de-infraestrutura-com-o-governador-mauro-mendes\/","title":{"rendered":"Prefeito discute obras de infraestrutura com o governador Mauro Mendes"},"content":{"rendered":"<p> <br \/>\n<\/p>\n<div id=\"infocoweb_corpo\">\n<p>O prefeito Jos\u00e9 Carlos do P\u00e1tio se reuniu com o governador Mauro Mendes, o senador Wellington Fagundes e o presidente do Sanear, Paulo Jos\u00e9 Correia para discutir projetos de infraestrutura de Rondon\u00f3polis, como o conv\u00eanio de duplica\u00e7\u00e3o do anel vi\u00e1rio Conrado Sales Brito, pavimenta\u00e7\u00e3o e drenagem do bairro Sagrada Fam\u00edlia e do distrito industrial Augusto Bortoli Razia, somando mais de R$ 126 milh\u00f5es de investimentos. <\/p>\n<p>Durante a audi\u00eancia, o governador reafirmou seu compromisso em fortalecer parcerias com o munic\u00edpio, destacando projetos anteriores e ressaltando a import\u00e2ncia de continuar trabalhando em conjunto. \u201c\u00c9 uma satisfa\u00e7\u00e3o estar ao lado do prefeito Jos\u00e9 Carlos do P\u00e1tio. Vamos continuar trabalhando juntos com a prefeitura. Temos v\u00e1rias parcerias, onde o governo entra com uma parte, a prefeitura com outra\u201d, afirmou o governador.  <\/p>\n<p>O prefeito, expressou otimismo em rela\u00e7\u00e3o \u00e0 colabora\u00e7\u00e3o, mencionando parcerias passadas e futuras. \u201cFoi uma reuni\u00e3o produtiva, o governador reiterou seu compromisso em manter a parceria com o munic\u00edpio. J\u00e1 tivemos colabora\u00e7\u00f5es nos distritos industriais Razia, Vetorasso e o distrito antigo, e agora estamos estabelecendo novas parcerias. Na sexta-feira, teremos um ato c\u00edvico para a posse dos professores, com a participa\u00e7\u00e3o do secret\u00e1rio Alan Porto, mostrando a nossa parceria na \u00e1rea da educa\u00e7\u00e3o\u201d, afirmou o prefeito.  <\/p>\n<p>O presidente do Sanear, Paulo Jos\u00e9 Correia, agradeceu ao governador pela recep\u00e7\u00e3o. \u201cEm breve teremos novidades sobre os resultados definitivos desses projetos, com a presen\u00e7a do governador em Rondon\u00f3polis para o lan\u00e7amento\u201d, disse.<\/p>\n<figure><\/figure>\n<p>Al\u00e9m da reuni\u00e3o com o governador, o prefeito tamb\u00e9m esteve com a secret\u00e1ria adjunta de Obras Rodovi\u00e1rias da Secretaria Estadual de Infraestrutura e Log\u00edstica (Sinfra), Nivea Calzolari para tratar de projetos que est\u00e3o em tramita\u00e7\u00e3o no estdo, juntamente com o secret\u00e1rio de infraestrutura de Rondon\u00f3polis, Dhiogo Gon\u00e7alves.<\/p>\n<p id=\"infocoweb_fonte\" class=\"infocoweb_fonte\">Fonte: <a target=\"_blank\" href=\"http:\/\/www.rondonopolis.mt.gov.br\/noticias\/prefeito-discute-obras-de-infraestrutura-com-o-governador-mauro-mendes\/#8f145b89-be22-4d10-9d44-ae93b38efb0d\" rel=\"noopener\">Prefeitura de Rondon\u00f3polis \u2013 MT<\/a><\/p>\n<\/div>\n<p><br \/>\n<br \/><a href=\"https:\/\/nmt.com.br\/2024\/02\/01\/prefeito-discute-obras-de-infraestrutura-com-o-governador-mauro-mendes\/\">Fonte da Noticia <\/a><\/p>\n","protected":false},"excerpt":{"rendered":"<p>O prefeito Jos\u00e9 Carlos do P\u00e1tio se reuniu com o governador Mauro Mendes, o senador Wellington Fagundes e o presidente do Sanear, Paulo Jos\u00e9 Correia para discutir projetos de infraestrutura de Rondon\u00f3polis, como o conv\u00eanio de duplica\u00e7\u00e3o do anel vi\u00e1rio Conrado Sales Brito, pavimenta\u00e7\u00e3o e drenagem do bairro Sagrada Fam\u00edlia e do distrito industrial Augusto [&hellip;]<\/p>\n","protected":false},"author":1,"featured_media":5537,"comment_status":"closed","ping_status":"closed","sticky":false,"template":"","format":"standard","meta":[],"categories":[1],"tags":[],"_links":{"self":[{"href":"https:\/\/ligana104.com.br\/2021\/wp-json\/wp\/v2\/posts\/5536"}],"collection":[{"href":"https:\/\/ligana104.com.br\/2021\/wp-json\/wp\/v2\/posts"}],"about":[{"href":"https:\/\/ligana104.com.br\/2021\/wp-json\/wp\/v2\/types\/post"}],"author":[{"embeddable":true,"href":"https:\/\/ligana104.com.br\/2021\/wp-json\/wp\/v2\/users\/1"}],"replies":[{"embeddable":true,"href":"https:\/\/ligana104.com.br\/2021\/wp-json\/wp\/v2\/comments?post=5536"}],"version-history":[{"count":1,"href":"https:\/\/ligana104.com.br\/2021\/wp-json\/wp\/v2\/posts\/5536\/revisions"}],"predecessor-version":[{"id":5538,"href":"https:\/\/ligana104.com.br\/2021\/wp-json\/wp\/v2\/posts\/5536\/revisions\/5538"}],"wp:featuredmedia":[{"embeddable":true,"href":"https:\/\/ligana104.com.br\/2021\/wp-json\/wp\/v2\/media\/5537"}],"wp:attachment":[{"href":"https:\/\/ligana104.com.br\/2021\/wp-json\/wp\/v2\/media?parent=5536"}],"wp:term":[{"taxonomy":"category","embeddable":true,"href":"https:\/\/ligana104.com.br\/2021\/wp-json\/wp\/v2\/categories?post=5536"},{"taxonomy":"post_tag","embeddable":true,"href":"https:\/\/ligana104.com.br\/2021\/wp-json\/wp\/v2\/tags?post=5536"}],"curies":[{"name":"wp","href":"https:\/\/api.w.org\/{rel}","templated":true}]}}