{"id":5524,"date":"2024-02-01T02:45:31","date_gmt":"2024-02-01T04:45:31","guid":{"rendered":"https:\/\/ligana104.com.br\/2021\/2024\/02\/01\/flavio-dino-defende-que-furtos-e-crimes-relativos-a-patrimonio-nao-devem-ser-punidos-com-prisao\/"},"modified":"2024-02-01T02:45:32","modified_gmt":"2024-02-01T04:45:32","slug":"flavio-dino-defende-que-furtos-e-crimes-relativos-a-patrimonio-nao-devem-ser-punidos-com-prisao","status":"publish","type":"post","link":"https:\/\/ligana104.com.br\/2021\/2024\/02\/01\/flavio-dino-defende-que-furtos-e-crimes-relativos-a-patrimonio-nao-devem-ser-punidos-com-prisao\/","title":{"rendered":"Fl\u00e1vio Dino defende que furtos e \u201ccrimes relativos a patrim\u00f4nio\u201d n\u00e3o devem ser punidos com pris\u00e3o"},"content":{"rendered":"<p> <br \/>\n<\/p>\n<p data-reader-unique-id=\"1\"><span data-reader-unique-id=\"2\">Na tarde desta quarta-feira (31), o ministro da Justi\u00e7a e Seguran\u00e7a P\u00fablica, Fl\u00e1vio Dino, defende que furtos, delito de tr\u00e2nsito e \u201ccrimes relativos a patrim\u00f4nio\u201d n\u00e3o devem ser punidos com pris\u00e3o.<\/span><\/p>\n<p data-reader-unique-id=\"13\"><span data-reader-unique-id=\"14\">A fala foi feita durante coletiva de sua despedida como ministro do Governo Lula. Amanh\u00e3 (1\u00ba), Ricardo Lewandowski assume o lugar de Dino, que vai para o Supremo Tribunal Federal (STF).<\/span><\/p>\n<p data-reader-unique-id=\"19\"><span data-reader-unique-id=\"20\">\u201cPuni\u00e7\u00e3o n\u00e3o \u00e9 igual a pris\u00e3o\u201d, afirmou o ministro ao comentar sobre a\u00e7\u00f5es para diminuir o crescimento da popula\u00e7\u00e3o carcer\u00e1ria no Brasil.<\/span><\/p>\n<p data-reader-unique-id=\"62\"><span data-reader-unique-id=\"63\">\u201cUma pessoa que eventualmente praticou um delito de tr\u00e2nsito, um furto. Mesmo situa\u00e7\u00f5es envolvendo crimes relativos a patrim\u00f4nio de um modo geral. Ent\u00e3o imagino que seja por a\u00ed\u201d, disse Dino ao defender pris\u00e3o em casos de crimes hediondos e medidas alternativas para outros delitos.<\/span><\/p>\n<p><br \/>\n<br \/><a href=\"https:\/\/rgtnews.com.br\/noticias\/politica\/flavio-dino-defende-que-furtos-e-crimes-relativos-a-patrimonio-nao-devem-ser-punidos-com-prisao\/?utm_source=rss&#038;utm_medium=rss&#038;utm_campaign=flavio-dino-defende-que-furtos-e-crimes-relativos-a-patrimonio-nao-devem-ser-punidos-com-prisao\">Fonte da Noticia <\/a><\/p>\n","protected":false},"excerpt":{"rendered":"<p>Na tarde desta quarta-feira (31), o ministro da Justi\u00e7a e Seguran\u00e7a P\u00fablica, Fl\u00e1vio Dino, defende que furtos, delito de tr\u00e2nsito e \u201ccrimes relativos a patrim\u00f4nio\u201d n\u00e3o devem ser punidos com pris\u00e3o. A fala foi feita durante coletiva de sua despedida como ministro do Governo Lula. Amanh\u00e3 (1\u00ba), Ricardo Lewandowski assume o lugar de Dino, que [&hellip;]<\/p>\n","protected":false},"author":1,"featured_media":5525,"comment_status":"closed","ping_status":"closed","sticky":false,"template":"","format":"standard","meta":[],"categories":[1],"tags":[],"_links":{"self":[{"href":"https:\/\/ligana104.com.br\/2021\/wp-json\/wp\/v2\/posts\/5524"}],"collection":[{"href":"https:\/\/ligana104.com.br\/2021\/wp-json\/wp\/v2\/posts"}],"about":[{"href":"https:\/\/ligana104.com.br\/2021\/wp-json\/wp\/v2\/types\/post"}],"author":[{"embeddable":true,"href":"https:\/\/ligana104.com.br\/2021\/wp-json\/wp\/v2\/users\/1"}],"replies":[{"embeddable":true,"href":"https:\/\/ligana104.com.br\/2021\/wp-json\/wp\/v2\/comments?post=5524"}],"version-history":[{"count":1,"href":"https:\/\/ligana104.com.br\/2021\/wp-json\/wp\/v2\/posts\/5524\/revisions"}],"predecessor-version":[{"id":5526,"href":"https:\/\/ligana104.com.br\/2021\/wp-json\/wp\/v2\/posts\/5524\/revisions\/5526"}],"wp:featuredmedia":[{"embeddable":true,"href":"https:\/\/ligana104.com.br\/2021\/wp-json\/wp\/v2\/media\/5525"}],"wp:attachment":[{"href":"https:\/\/ligana104.com.br\/2021\/wp-json\/wp\/v2\/media?parent=5524"}],"wp:term":[{"taxonomy":"category","embeddable":true,"href":"https:\/\/ligana104.com.br\/2021\/wp-json\/wp\/v2\/categories?post=5524"},{"taxonomy":"post_tag","embeddable":true,"href":"https:\/\/ligana104.com.br\/2021\/wp-json\/wp\/v2\/tags?post=5524"}],"curies":[{"name":"wp","href":"https:\/\/api.w.org\/{rel}","templated":true}]}}