{"id":5509,"date":"2024-01-31T21:21:38","date_gmt":"2024-01-31T23:21:38","guid":{"rendered":"https:\/\/ligana104.com.br\/2021\/2024\/01\/31\/autarquia-municipal-inicia-operacao-de-100-do-transporte-coletivo-de-rondonopolis\/"},"modified":"2024-01-31T21:21:39","modified_gmt":"2024-01-31T23:21:39","slug":"autarquia-municipal-inicia-operacao-de-100-do-transporte-coletivo-de-rondonopolis","status":"publish","type":"post","link":"https:\/\/ligana104.com.br\/2021\/2024\/01\/31\/autarquia-municipal-inicia-operacao-de-100-do-transporte-coletivo-de-rondonopolis\/","title":{"rendered":"Autarquia Municipal inicia opera\u00e7\u00e3o de 100% do transporte coletivo de Rondon\u00f3polis"},"content":{"rendered":"<p> <br \/>\n<\/p>\n<div id=\"infocoweb_corpo\">\n<p>  A  partir desta quinta-feira, 1\u00ba de fevereiro, o transporte coletivo de  Rondon\u00f3polis vai come\u00e7ar a ser operado em sua totalidade pela  Autarquia Municipal (AMTC). A data \u00e9 um marco na hist\u00f3ria da cidade  que ap\u00f3s  a cria\u00e7\u00e3o da autarquia passa a oferecer o transporte de passageiros  por meio de um \u00f3rg\u00e3o p\u00fablico, independente da contrata\u00e7\u00e3o de  empresas terceirizadas.<\/p>\n<p>Com  o t\u00e9rmino do contrato com a Cidade de Pedra, a AMTC passa a comandar  e operar todo o sistema de transporte coletivo de cidade, que foi  preparado para oferecer um servi\u00e7o de qualidade para os usu\u00e1rios.  Com uma frota renovada, que conta com 50 ve\u00edculos, os passageiros  agora fazem as viagens em poltronas confort\u00e1veis e com ar  condicionado.<\/p>\n<p>Entre  os dias 1\u00ba e 4 de fevereiro, os \u00f4nibus estar\u00e3o rodando com catraca  livre, ou seja, sem a cobran\u00e7a da tarifa. Essa medida foi tomada  pela AMTC porque devido a paralisa\u00e7\u00e3o dos motoristas da antiga  empresa nem todos os usu\u00e1rios conseguiram fazer a troca dos cart\u00f5es  que liberam as catracas.   <\/p>\n<p>Nestes  primeiros dias v\u00e3o entrar em opera\u00e7\u00e3o as principais linhas, como a  114 Interbairros que circula todas as regi\u00f5es da cidade, saindo  simultaneamente da Rodovi\u00e1ria e  do shopping.  Tamb\u00e9m estar\u00e3o funcionando as linhas que atendem as regi\u00f5es dos  bairros Alfredo de Castro, jardim Atl\u00e2ntico, Parque Universit\u00e1rio,  Vila Rica, Marechal Rondon e Vila Mineira. As  demais linhas v\u00e3o entrar em opera\u00e7\u00e3o gradativamente.<\/p>\n<p>A  presidente da AMTC, Priscila Paiva, est\u00e1 confiante no in\u00edcio das  opera\u00e7\u00f5es e disse que tanto a equipe administrativa da autarquia  quanto o pessoal do operacional \u00e9 treinado e preparado para prestar  o servi\u00e7o de  qualidade para  todos os rondonopolitanos. \u201cEsse  \u00e9 um passo importante que estamos dando para colocar a autarquia  para funcionar, al\u00e9m de ser um marco para o munic\u00edpio de ter o seu  pr\u00f3prio servi\u00e7o de transporte coletivo\u201d, destacou.<\/p>\n<p id=\"infocoweb_fonte\" class=\"infocoweb_fonte\">Fonte: <a target=\"_blank\" href=\"http:\/\/www.rondonopolis.mt.gov.br\/noticias\/autarquia-municipal-inicia-operacao-de-100-do-transporte-coletivo-de-rondonopolis\/#7bcf725c-5130-4b12-ab8b-c1c26eefeb8e\" rel=\"noopener\">Prefeitura de Rondon\u00f3polis \u2013 MT<\/a><\/p>\n<\/div>\n<p><br \/>\n<br \/><a href=\"https:\/\/nmt.com.br\/2024\/01\/31\/autarquia-municipal-inicia-operacao-de-100-do-transporte-coletivo-de-rondonopolis\/\">Fonte da Noticia <\/a><\/p>\n","protected":false},"excerpt":{"rendered":"<p>A partir desta quinta-feira, 1\u00ba de fevereiro, o transporte coletivo de Rondon\u00f3polis vai come\u00e7ar a ser operado em sua totalidade pela Autarquia Municipal (AMTC). A data \u00e9 um marco na hist\u00f3ria da cidade que ap\u00f3s a cria\u00e7\u00e3o da autarquia passa a oferecer o transporte de passageiros por meio de um \u00f3rg\u00e3o p\u00fablico, independente da contrata\u00e7\u00e3o [&hellip;]<\/p>\n","protected":false},"author":1,"featured_media":5510,"comment_status":"closed","ping_status":"closed","sticky":false,"template":"","format":"standard","meta":[],"categories":[1],"tags":[],"_links":{"self":[{"href":"https:\/\/ligana104.com.br\/2021\/wp-json\/wp\/v2\/posts\/5509"}],"collection":[{"href":"https:\/\/ligana104.com.br\/2021\/wp-json\/wp\/v2\/posts"}],"about":[{"href":"https:\/\/ligana104.com.br\/2021\/wp-json\/wp\/v2\/types\/post"}],"author":[{"embeddable":true,"href":"https:\/\/ligana104.com.br\/2021\/wp-json\/wp\/v2\/users\/1"}],"replies":[{"embeddable":true,"href":"https:\/\/ligana104.com.br\/2021\/wp-json\/wp\/v2\/comments?post=5509"}],"version-history":[{"count":1,"href":"https:\/\/ligana104.com.br\/2021\/wp-json\/wp\/v2\/posts\/5509\/revisions"}],"predecessor-version":[{"id":5511,"href":"https:\/\/ligana104.com.br\/2021\/wp-json\/wp\/v2\/posts\/5509\/revisions\/5511"}],"wp:featuredmedia":[{"embeddable":true,"href":"https:\/\/ligana104.com.br\/2021\/wp-json\/wp\/v2\/media\/5510"}],"wp:attachment":[{"href":"https:\/\/ligana104.com.br\/2021\/wp-json\/wp\/v2\/media?parent=5509"}],"wp:term":[{"taxonomy":"category","embeddable":true,"href":"https:\/\/ligana104.com.br\/2021\/wp-json\/wp\/v2\/categories?post=5509"},{"taxonomy":"post_tag","embeddable":true,"href":"https:\/\/ligana104.com.br\/2021\/wp-json\/wp\/v2\/tags?post=5509"}],"curies":[{"name":"wp","href":"https:\/\/api.w.org\/{rel}","templated":true}]}}