{"id":5497,"date":"2024-01-31T17:12:00","date_gmt":"2024-01-31T19:12:00","guid":{"rendered":"https:\/\/ligana104.com.br\/2021\/2024\/01\/31\/prefeito-diz-que-falta-vaga-em-creche-porque-povo-nao-para-de-fazer-filho-em-mt-video-viraliza\/"},"modified":"2024-01-31T17:12:00","modified_gmt":"2024-01-31T19:12:00","slug":"prefeito-diz-que-falta-vaga-em-creche-porque-povo-nao-para-de-fazer-filho-em-mt-video-viraliza","status":"publish","type":"post","link":"https:\/\/ligana104.com.br\/2021\/2024\/01\/31\/prefeito-diz-que-falta-vaga-em-creche-porque-povo-nao-para-de-fazer-filho-em-mt-video-viraliza\/","title":{"rendered":"Prefeito diz que falta vaga em creche porque povo n\u00e3o para de \u201cfazer filho\u201d em MT; v\u00eddeo viraliza"},"content":{"rendered":"<p> <br \/>\n<\/p>\n<p data-reader-unique-id=\"1\"><span data-reader-unique-id=\"2\">Um v\u00eddeo viralizou nesta quarta-feira (31), mostrando o prefeito de Pontes e Lacerda, Alcino Barcelos (Republicanos), dizendo que a popula\u00e7\u00e3o da cidade precisa parar de &#8220;fazer filho&#8221; porque a demanda por vagas em creches est\u00e3o muito alta.\u00a0<\/span><\/p>\n<p data-reader-unique-id=\"5\"><span data-reader-unique-id=\"6\">&#8220;Pessoal n\u00e3o para de fazer filho. N\u00e3o para de chegar gente com filho aqui e a demanda de creche aumenta muito. Eu tinha o sonho de fazer daquela escola uma escola em tempo integral, mas se continuar chegando o tanto de gente que est\u00e1 chegando aqui, n\u00f3s n\u00e3o vamos conseguir&#8221;, disse o prefeito.<\/span><\/p>\n<p data-reader-unique-id=\"5\">Assista:<\/p>\n<blockquote class=\"instagram-media\" style=\"background: #FFF;border: 0;border-radius: 3px;margin: 1px;max-width: 658px;min-width: 326px;padding: 0;width: calc(100% - 2px)\" data-instgrm-permalink=\"https:\/\/www.instagram.com\/reel\/C2xAqUou3gb\/?utm_source=ig_embed&amp;utm_campaign=loading\" data-instgrm-captioned=\"\" data-instgrm-version=\"14\">\n<div style=\"padding: 16px\">\n<p>&nbsp;<\/p>\n<div style=\"flex-direction: row;align-items: center\">\n<div style=\"background-color: #f4f4f4;border-radius: 50%;flex-grow: 0;height: 40px;margin-right: 14px;width: 40px\"><\/div>\n<div style=\"flex-direction: column;flex-grow: 1;justify-content: center\">\n<div style=\"background-color: #f4f4f4;border-radius: 4px;flex-grow: 0;height: 14px;margin-bottom: 6px;width: 100px\"><\/div>\n<div style=\"background-color: #f4f4f4;border-radius: 4px;flex-grow: 0;height: 14px;width: 60px\"><\/div>\n<\/div>\n<\/div>\n<div style=\"padding: 19% 0\"><\/div>\n<div style=\"height: 50px;margin: 0 auto 12px;width: 50px\"><\/div>\n<div style=\"padding-top: 8px\">\n<div style=\"color: #3897f0;font-family: Arial,sans-serif;font-size: 14px;font-style: normal;font-weight: 550;line-height: 18px\">View this post on Instagram<\/div>\n<\/div>\n<div style=\"padding: 12.5% 0\"><\/div>\n<div style=\"flex-direction: row;margin-bottom: 14px;align-items: center\">\n<div>\n<div style=\"background-color: #f4f4f4;border-radius: 50%;height: 12.5px;width: 12.5px\"><\/div>\n<div style=\"background-color: #f4f4f4;height: 12.5px;width: 12.5px;flex-grow: 0;margin-right: 14px;margin-left: 2px\"><\/div>\n<div style=\"background-color: #f4f4f4;border-radius: 50%;height: 12.5px;width: 12.5px\"><\/div>\n<\/div>\n<div style=\"margin-left: 8px\">\n<div style=\"background-color: #f4f4f4;border-radius: 50%;flex-grow: 0;height: 20px;width: 20px\"><\/div>\n<div style=\"width: 0;height: 0;border-top: 2px solid transparent;border-left: 6px solid #f4f4f4;border-bottom: 2px solid transparent\"><\/div>\n<\/div>\n<div style=\"margin-left: auto\">\n<div style=\"width: 0px;border-top: 8px solid #F4F4F4;border-right: 8px solid transparent\"><\/div>\n<div style=\"background-color: #f4f4f4;flex-grow: 0;height: 12px;width: 16px\"><\/div>\n<div style=\"width: 0;height: 0;border-top: 8px solid #F4F4F4;border-left: 8px solid transparent\"><\/div>\n<\/div>\n<\/div>\n<div style=\"flex-direction: column;flex-grow: 1;justify-content: center;margin-bottom: 24px\">\n<div style=\"background-color: #f4f4f4;border-radius: 4px;flex-grow: 0;height: 14px;margin-bottom: 6px;width: 224px\"><\/div>\n<div style=\"background-color: #f4f4f4;border-radius: 4px;flex-grow: 0;height: 14px;width: 144px\"><\/div>\n<\/div>\n<p>&nbsp;<\/p>\n<p style=\"color: #c9c8cd;font-family: Arial,sans-serif;font-size: 14px;line-height: 17px;margin-bottom: 0;margin-top: 8px;overflow: hidden;padding: 8px 0 7px;text-align: center\"><a style=\"color: #c9c8cd;font-family: Arial,sans-serif;font-size: 14px;font-style: normal;font-weight: normal;line-height: 17px;text-decoration: none\" href=\"https:\/\/www.instagram.com\/reel\/C2xAqUou3gb\/?utm_source=ig_embed&amp;utm_campaign=loading\" target=\"_blank\" rel=\"noopener\">A post shared by Comando Geral BG | Not\u00edcias (@comandogeralbg)<\/a><\/p>\n<\/div>\n<\/blockquote>\n<p><script async src=\"\/\/www.instagram.com\/embed.js\"><\/script><br \/>\n<br \/><br \/>\n<br \/><a href=\"https:\/\/rgtnews.com.br\/noticias\/politica\/prefeito-diz-que-falta-vaga-em-creche-porque-povo-nao-para-de-fazer-filho-em-mt-video-viraliza\/?utm_source=rss&#038;utm_medium=rss&#038;utm_campaign=prefeito-diz-que-falta-vaga-em-creche-porque-povo-nao-para-de-fazer-filho-em-mt-video-viraliza\">Fonte da Noticia <\/a><\/p>\n","protected":false},"excerpt":{"rendered":"<p>Um v\u00eddeo viralizou nesta quarta-feira (31), mostrando o prefeito de Pontes e Lacerda, Alcino Barcelos (Republicanos), dizendo que a popula\u00e7\u00e3o da cidade precisa parar de &#8220;fazer filho&#8221; porque a demanda por vagas em creches est\u00e3o muito alta.\u00a0 &#8220;Pessoal n\u00e3o para de fazer filho. N\u00e3o para de chegar gente com filho aqui e a demanda de [&hellip;]<\/p>\n","protected":false},"author":1,"featured_media":5498,"comment_status":"closed","ping_status":"closed","sticky":false,"template":"","format":"standard","meta":[],"categories":[1],"tags":[],"_links":{"self":[{"href":"https:\/\/ligana104.com.br\/2021\/wp-json\/wp\/v2\/posts\/5497"}],"collection":[{"href":"https:\/\/ligana104.com.br\/2021\/wp-json\/wp\/v2\/posts"}],"about":[{"href":"https:\/\/ligana104.com.br\/2021\/wp-json\/wp\/v2\/types\/post"}],"author":[{"embeddable":true,"href":"https:\/\/ligana104.com.br\/2021\/wp-json\/wp\/v2\/users\/1"}],"replies":[{"embeddable":true,"href":"https:\/\/ligana104.com.br\/2021\/wp-json\/wp\/v2\/comments?post=5497"}],"version-history":[{"count":1,"href":"https:\/\/ligana104.com.br\/2021\/wp-json\/wp\/v2\/posts\/5497\/revisions"}],"predecessor-version":[{"id":5499,"href":"https:\/\/ligana104.com.br\/2021\/wp-json\/wp\/v2\/posts\/5497\/revisions\/5499"}],"wp:featuredmedia":[{"embeddable":true,"href":"https:\/\/ligana104.com.br\/2021\/wp-json\/wp\/v2\/media\/5498"}],"wp:attachment":[{"href":"https:\/\/ligana104.com.br\/2021\/wp-json\/wp\/v2\/media?parent=5497"}],"wp:term":[{"taxonomy":"category","embeddable":true,"href":"https:\/\/ligana104.com.br\/2021\/wp-json\/wp\/v2\/categories?post=5497"},{"taxonomy":"post_tag","embeddable":true,"href":"https:\/\/ligana104.com.br\/2021\/wp-json\/wp\/v2\/tags?post=5497"}],"curies":[{"name":"wp","href":"https:\/\/api.w.org\/{rel}","templated":true}]}}