{"id":5476,"date":"2024-01-31T09:45:10","date_gmt":"2024-01-31T11:45:10","guid":{"rendered":"https:\/\/ligana104.com.br\/2021\/2024\/01\/31\/operacoes-miram-sonegacao-de-370-milhoes-em-mt-mansoes-sao-alvo\/"},"modified":"2024-01-31T09:45:11","modified_gmt":"2024-01-31T11:45:11","slug":"operacoes-miram-sonegacao-de-370-milhoes-em-mt-mansoes-sao-alvo","status":"publish","type":"post","link":"https:\/\/ligana104.com.br\/2021\/2024\/01\/31\/operacoes-miram-sonegacao-de-370-milhoes-em-mt-mansoes-sao-alvo\/","title":{"rendered":"Opera\u00e7\u00f5es miram sonega\u00e7\u00e3o de 370 milh\u00f5es em MT; mans\u00f5es s\u00e3o alvo"},"content":{"rendered":"<p> <br \/>\n<\/p>\n<div>\n<p>A Pol\u00edcia Civil, por meio da Delegacia Especializada de Crimes Fazend\u00e1rios (Defaz), e o Minist\u00e9rio P\u00fablico Estadual (MPE), com o apoio da Secretaria de Fazenda do Estado (Sefaz) de Mato Grosso, deflagraram duas opera\u00e7\u00f5es na manh\u00e3 desta quarta-feira (31.01), com foco no combate \u00e0 sonega\u00e7\u00e3o fiscal. A atua\u00e7\u00e3o est\u00e1 alinhada ao planejamento estrat\u00e9gico do Comit\u00ea Interinstitucional de Recupera\u00e7\u00e3o de Ativos (Cira), com atua\u00e7\u00e3o integrada de diversos \u00f3rg\u00e3os estatais.<\/p>\n<p>As opera\u00e7\u00f5es D\u00e9j\u00e0 vu e Odisseia buscam desmantelar dois grupos criminosos que causaram preju\u00edzos aos cofres p\u00fablicos que ultrapassam os R$ 370 milh\u00f5es, por meio de diversas fraudes fiscais relacionadas ao ICMS.<\/p>\n<p>Os fatos investigados foram analisados pela Delegacia Fazend\u00e1ria e pela 14\u00aa Promotoria de Justi\u00e7a, que peticionaram ao Poder Judici\u00e1rio por diversas medidas cautelares, sendo deferido pelo N\u00facleo de Inqu\u00e9ritos Policiais (Nipo), sequestro de bens, al\u00e9m de 24 ordens judiciais, entre mandados de pris\u00e3o e busca e apreens\u00e3o.<\/p>\n<p>Nas duas opera\u00e7\u00f5es foram expedidos mandados de busca e apreens\u00e3o para sete cidades, em tr\u00eas diferentes estados da federa\u00e7\u00e3o, Mato Grosso, Par\u00e1 e Paran\u00e1, movimentando um total de 57 policiais civis, peritos da Politec e fiscais da Sefaz-MT.<\/p>\n<p>Al\u00e9m da cria\u00e7\u00e3o de diversas empresas de fachada, na opera\u00e7\u00e3o Odisseia ficou constatado que o grupo criminoso se valeu de ardil para induzir ao erro o Poder Judici\u00e1rio, obtendo liminares indevidas, com o escopo de fraudar a fiscaliza\u00e7\u00e3o e lesar os cofres p\u00fablicos.<\/p>\n<p>Na mesma opera\u00e7\u00e3o, foi observada a utiliza\u00e7\u00e3o de dados cadastrais de contadores j\u00e1 falecidos, fato que tinha o objetivo de dificultar e responsabilizar o verdadeiro respons\u00e1vel cont\u00e1bil que operava para a organiza\u00e7\u00e3o criminosa.<\/p>\n<p>J\u00e1 na opera\u00e7\u00e3o D\u00e9j\u00e0 vu, assim como na opera\u00e7\u00e3o Odisseia, identificou-se a cria\u00e7\u00e3o de diversas empresas registradas em nome de laranjas, com a inten\u00e7\u00e3o de viabilizar a sonega\u00e7\u00e3o de impostos, muito provavelmente mascarando a origem real dos produtos e o produtor rural respons\u00e1vel de fato pela expedi\u00e7\u00e3o da nota fiscal.<\/p>\n<p>Dentre os bens sequestrados est\u00e3o resid\u00eancias de luxo nos principais condom\u00ednios da capital cuiabana, ve\u00edculos, embarca\u00e7\u00f5es e o bloqueio de contas das pessoas investigadas, com o objetivo de reparar o dano ao er\u00e1rio.<\/p>\n<\/p><\/div>\n<p><br \/>\n<br \/><a href=\"https:\/\/rgtnews.com.br\/destaque\/operacoes-miram-sonegacao-de-370-milhoes-em-mt-mansoes-sao-alvo\/?utm_source=rss&#038;utm_medium=rss&#038;utm_campaign=operacoes-miram-sonegacao-de-370-milhoes-em-mt-mansoes-sao-alvo\">Fonte da Noticia <\/a><\/p>\n","protected":false},"excerpt":{"rendered":"<p>A Pol\u00edcia Civil, por meio da Delegacia Especializada de Crimes Fazend\u00e1rios (Defaz), e o Minist\u00e9rio P\u00fablico Estadual (MPE), com o apoio da Secretaria de Fazenda do Estado (Sefaz) de Mato Grosso, deflagraram duas opera\u00e7\u00f5es na manh\u00e3 desta quarta-feira (31.01), com foco no combate \u00e0 sonega\u00e7\u00e3o fiscal. A atua\u00e7\u00e3o est\u00e1 alinhada ao planejamento estrat\u00e9gico do Comit\u00ea [&hellip;]<\/p>\n","protected":false},"author":1,"featured_media":5477,"comment_status":"closed","ping_status":"closed","sticky":false,"template":"","format":"standard","meta":[],"categories":[1],"tags":[],"_links":{"self":[{"href":"https:\/\/ligana104.com.br\/2021\/wp-json\/wp\/v2\/posts\/5476"}],"collection":[{"href":"https:\/\/ligana104.com.br\/2021\/wp-json\/wp\/v2\/posts"}],"about":[{"href":"https:\/\/ligana104.com.br\/2021\/wp-json\/wp\/v2\/types\/post"}],"author":[{"embeddable":true,"href":"https:\/\/ligana104.com.br\/2021\/wp-json\/wp\/v2\/users\/1"}],"replies":[{"embeddable":true,"href":"https:\/\/ligana104.com.br\/2021\/wp-json\/wp\/v2\/comments?post=5476"}],"version-history":[{"count":1,"href":"https:\/\/ligana104.com.br\/2021\/wp-json\/wp\/v2\/posts\/5476\/revisions"}],"predecessor-version":[{"id":5478,"href":"https:\/\/ligana104.com.br\/2021\/wp-json\/wp\/v2\/posts\/5476\/revisions\/5478"}],"wp:featuredmedia":[{"embeddable":true,"href":"https:\/\/ligana104.com.br\/2021\/wp-json\/wp\/v2\/media\/5477"}],"wp:attachment":[{"href":"https:\/\/ligana104.com.br\/2021\/wp-json\/wp\/v2\/media?parent=5476"}],"wp:term":[{"taxonomy":"category","embeddable":true,"href":"https:\/\/ligana104.com.br\/2021\/wp-json\/wp\/v2\/categories?post=5476"},{"taxonomy":"post_tag","embeddable":true,"href":"https:\/\/ligana104.com.br\/2021\/wp-json\/wp\/v2\/tags?post=5476"}],"curies":[{"name":"wp","href":"https:\/\/api.w.org\/{rel}","templated":true}]}}