{"id":5461,"date":"2024-01-31T04:27:35","date_gmt":"2024-01-31T06:27:35","guid":{"rendered":"https:\/\/ligana104.com.br\/2021\/2024\/01\/31\/medeiros-cita-divisao-da-esquerda-em-rondonopolis-e-aposta-na-vitoria-de-claudio-paisagista-2\/"},"modified":"2024-01-31T04:27:36","modified_gmt":"2024-01-31T06:27:36","slug":"medeiros-cita-divisao-da-esquerda-em-rondonopolis-e-aposta-na-vitoria-de-claudio-paisagista-2","status":"publish","type":"post","link":"https:\/\/ligana104.com.br\/2021\/2024\/01\/31\/medeiros-cita-divisao-da-esquerda-em-rondonopolis-e-aposta-na-vitoria-de-claudio-paisagista-2\/","title":{"rendered":"Medeiros cita divis\u00e3o da esquerda em Rondon\u00f3polis e aposta na vit\u00f3ria de Cl\u00e1udio Paisagista"},"content":{"rendered":"<p> <br \/>\n<\/p>\n<div>\n<div class=\"td-post-featured-image\"><\/div>\n<p>Vice-l\u00edder da oposi\u00e7\u00e3o na C\u00e2mara Federal, o deputado federal Jos\u00e9 Medeiros (PL-MT) acredita que a elei\u00e7\u00e3o municipal em Rondon\u00f3polis ser\u00e1 pautada pela polariza\u00e7\u00e3o entre a direita e \u00e0 esquerda. Medeiros aposta na vit\u00f3ria da direita com o deputado estadual Cl\u00e1udio Ferreira, que \u00e9 pr\u00e9-candidato a prefeito pelo PL, e cita a divis\u00e3o da esquerda como resultado de um projeto pol\u00edtico falido, que s\u00f3 dificulta o desenvolvimento socioecon\u00f4mico do munic\u00edpio que \u00e9 a segunda maior economia de Mato Grosso.<\/p>\n<p>\u201cEles (esquerda e centro-esquerda) est\u00e3o se matando para continuar no poder e manter esse modelo pol\u00edtico atrasado. Essa divis\u00e3o ficou evidente na \u00faltima reuni\u00e3o que eles fizeram. Representantes de v\u00e1rias siglas e pr\u00e9-candidatos n\u00e3o chegaram a um consenso sobre qual nome representar\u00e1 o grupo. Eles est\u00e3o divididos, mas s\u00e3o o mesmo grupo que se reveza no poder h\u00e1 anos\u201d, declarou Medeiros, que \u00e9 um dos principais nomes da direita em Mato Grosso.<\/p>\n<p>No grupo da esquerda e centro-esquerda quatro nomes s\u00e3o apontados como op\u00e7\u00f5es para disputar a sucess\u00e3o municipal. S\u00e3o eles: o presidente do Sanear (Servi\u00e7o de Saneamento Ambiental de Rondon\u00f3polis), Paulo Jos\u00e9 (PSB), o vice-prefeito Aylon Arruda (PSD), o empres\u00e1rio Carlos Augustin \u2013 Teti (PT) e o deputado estadual Thiago Silva (MDB).<\/p>\n<p>\u201cO interessante \u00e9 que a turma da esquerda se reuniu com o ministro Carlos F\u00e1varo (Agricultura) e o ex-prefeito Percival Muniz (MDB) disse que o grupo n\u00e3o tem candidato com voto. O fato \u00e9 que a esquerda est\u00e1 dividida e a direita unida no objetivo de vencer as elei\u00e7\u00f5es e retomar o desenvolvimento que Rondon\u00f3polis precisa e merece\u201d.<\/p>\n<p>Medeiros reafirmou que o ex-presidente da Rep\u00fablica Jair Bolsonaro e a ex-primeira-dama Michelle Bolsonaro est\u00e3o comprometidos em fazer campanha para o candidato do PL em Rondon\u00f3polis.<\/p>\n<p>\u201cO candidato do PL em Rondon\u00f3polis \u00e9 o Cl\u00e1udio Paisagista e ele ter\u00e1 todo o apoio do nosso partido e de suas principais lideran\u00e7as. Nosso partido, que representa a casa da direita brasileira, est\u00e1 trabalhando para apresentar candidatos que combatam as ideias ultrapassadas da esquerda e o radicalismo ideol\u00f3gico do PT e seus aliados. Em Rondon\u00f3polis, estamos construindo um projeto com muito di\u00e1logo e pensando na cidade\u201d, disse o deputado federal.<\/p>\n<p>Al\u00e9m de Rondon\u00f3polis, Medeiros afirma que o PL trabalha para eleger o deputado federal Ab\u00edlio Brunini em Cuiab\u00e1, a advogada Fl\u00e1via Moretti em V\u00e1rzea Grande e prefeitos em mais 38 munic\u00edpios mato-grossenses.<\/p>\n<\/p><\/div>\n<p><br \/>\n<br \/><a href=\"https:\/\/nmt.com.br\/2024\/01\/30\/medeiros-cita-divisao-da-esquerda-em-rondonopolis-e-aposta-na-vitoria-de-claudio-paisagista\/\">Fonte da Noticia <\/a><\/p>\n","protected":false},"excerpt":{"rendered":"<p>Vice-l\u00edder da oposi\u00e7\u00e3o na C\u00e2mara Federal, o deputado federal Jos\u00e9 Medeiros (PL-MT) acredita que a elei\u00e7\u00e3o municipal em Rondon\u00f3polis ser\u00e1 pautada pela polariza\u00e7\u00e3o entre a direita e \u00e0 esquerda. Medeiros aposta na vit\u00f3ria da direita com o deputado estadual Cl\u00e1udio Ferreira, que \u00e9 pr\u00e9-candidato a prefeito pelo PL, e cita a divis\u00e3o da esquerda como [&hellip;]<\/p>\n","protected":false},"author":1,"featured_media":5462,"comment_status":"closed","ping_status":"closed","sticky":false,"template":"","format":"standard","meta":[],"categories":[1],"tags":[],"_links":{"self":[{"href":"https:\/\/ligana104.com.br\/2021\/wp-json\/wp\/v2\/posts\/5461"}],"collection":[{"href":"https:\/\/ligana104.com.br\/2021\/wp-json\/wp\/v2\/posts"}],"about":[{"href":"https:\/\/ligana104.com.br\/2021\/wp-json\/wp\/v2\/types\/post"}],"author":[{"embeddable":true,"href":"https:\/\/ligana104.com.br\/2021\/wp-json\/wp\/v2\/users\/1"}],"replies":[{"embeddable":true,"href":"https:\/\/ligana104.com.br\/2021\/wp-json\/wp\/v2\/comments?post=5461"}],"version-history":[{"count":1,"href":"https:\/\/ligana104.com.br\/2021\/wp-json\/wp\/v2\/posts\/5461\/revisions"}],"predecessor-version":[{"id":5463,"href":"https:\/\/ligana104.com.br\/2021\/wp-json\/wp\/v2\/posts\/5461\/revisions\/5463"}],"wp:featuredmedia":[{"embeddable":true,"href":"https:\/\/ligana104.com.br\/2021\/wp-json\/wp\/v2\/media\/5462"}],"wp:attachment":[{"href":"https:\/\/ligana104.com.br\/2021\/wp-json\/wp\/v2\/media?parent=5461"}],"wp:term":[{"taxonomy":"category","embeddable":true,"href":"https:\/\/ligana104.com.br\/2021\/wp-json\/wp\/v2\/categories?post=5461"},{"taxonomy":"post_tag","embeddable":true,"href":"https:\/\/ligana104.com.br\/2021\/wp-json\/wp\/v2\/tags?post=5461"}],"curies":[{"name":"wp","href":"https:\/\/api.w.org\/{rel}","templated":true}]}}