{"id":5449,"date":"2024-01-30T23:54:01","date_gmt":"2024-01-31T01:54:01","guid":{"rendered":"https:\/\/ligana104.com.br\/2021\/2024\/01\/30\/camara-de-vereadores-abre-as-portas-para-ouvir-sindicato-autarquia-e-motoristas-de-onibus-em-rondonopolis\/"},"modified":"2024-01-30T23:54:02","modified_gmt":"2024-01-31T01:54:02","slug":"camara-de-vereadores-abre-as-portas-para-ouvir-sindicato-autarquia-e-motoristas-de-onibus-em-rondonopolis","status":"publish","type":"post","link":"https:\/\/ligana104.com.br\/2021\/2024\/01\/30\/camara-de-vereadores-abre-as-portas-para-ouvir-sindicato-autarquia-e-motoristas-de-onibus-em-rondonopolis\/","title":{"rendered":"C\u00e2mara de vereadores abre as portas para ouvir sindicato, autarquia e motoristas de \u00f4nibus em Rondon\u00f3polis"},"content":{"rendered":"<p> <br \/>\n<\/p>\n<div>\n<div class=\"td-post-featured-image\"><\/div>\n<p>Em mais uma demonstra\u00e7\u00e3o de gest\u00e3o plural e democr\u00e1tica, o vereador J\u00fanior Mendon\u00e7a (PT), presidente da C\u00e2mara Municipal de Rondon\u00f3polis, abriu o di\u00e1logo com a sociedade para resolver quest\u00f5es de interesse p\u00fablico.<\/p>\n<p>Desta vez a interven\u00e7\u00e3o do Legislativo local foi necess\u00e1ria diante do posicionamento dos motoristas de \u00f4nibus do transporte p\u00fablico, quando decidiram, desde a \u00faltima segunda-feira (29), aderir a um movimento de greve frente ao descontentamento do fim do contrato de concess\u00e3o entre a empresa onde trabalham e o munic\u00edpio, devido a cria\u00e7\u00e3o da autarquia do transporte. O que deve resultar na rescis\u00e3o contratual dos mais de 150 profissionais.<\/p>\n<p>A Autarquia Municipal do Transporte Coletivo (AMTC), criada pela Prefeitura de Rondon\u00f3polis para assumir o servi\u00e7o prestado sob concess\u00e3o pela empresa Cidade de Pedra, come\u00e7ou a funcionar em julho de 2022, ap\u00f3s a prefeitura assumir a gest\u00e3o do servi\u00e7o de \u00f4nibus municipais e agora deve assumir de forma plena o transporte, a partir da pr\u00f3xima quinta-feira (1\/2).<\/p>\n<p>Para tanto, foi aberta uma licita\u00e7\u00e3o e uma terceirizada deve ser a respons\u00e1vel pela contrata\u00e7\u00e3o dos trabalhadores para realizar as atividades (motoristas)- inerentes ao transporte p\u00fablico junto \u00e0 autarquia.<\/p>\n<p>Por sua vez, os trabalhadores n\u00e3o aceitam o fato de que devem perder, segundo eles, alguns benef\u00edcios garantidos pelo regime de contrata\u00e7\u00e3o dentro da Consolida\u00e7\u00e3o das Leis do Trabalho (CLT), com a migra\u00e7\u00e3o do modelo de contrata\u00e7\u00e3o<\/p>\n<p>De acordo com o assessor jur\u00eddico da autarquia, Messias Ferreira, essa \u00e9 uma situa\u00e7\u00e3o irrevers\u00edvel, ou seja, o contrato com a empresa Cidade de Pedra expira neste 31 de janeiro e no dia 1 de fevereiro a autarquia assume o servi\u00e7o do transporte coletivo.<\/p>\n<p>\u201cExiste um Termo de Ajustamento de Conduta (TAC), firmado com o Minist\u00e9rio P\u00fablico, determinando que assumir\u00edamos o transporte p\u00fablico nesta data e assim faremos. Caso os trabalhadores da empresa Cidade de Pedra queiram fazer parte dos cooperados, estamos abertos, caso contr\u00e1rio, vamos contratar (cooperativa)- o n\u00famero suficiente de motoristas para mantermos as 26 linhas de \u00f4nibus em funcionamento em Rondon\u00f3polis\u201d, Messias Ferreira.<\/p>\n<p>\u201cPromovemos essa reuni\u00e3o em atendimento a um requerimento apresentado pelo sindicato que representa a categoria dos motoristas. Estamos ouvindo todas as partes envolvidas para entendermos a problem\u00e1tica. J\u00e1 adiantamos que a C\u00e2mara dos Vereadores \u00e9 terminantemente contra a retirada dos direitos trabalhistas. Vamos ouvir todas as partes e devolver a esses trabalhadores uma decis\u00e3o que v\u00e1 de encontro ao anseio da categoria\u201d, J\u00fanior Mendon\u00e7a.<\/p>\n<\/p><\/div>\n<p><br \/>\n<br \/><a href=\"https:\/\/nmt.com.br\/2024\/01\/30\/camara-de-vereadores-abre-as-portas-para-ouvir-sindicato-autarquia-e-motoristas-de-onibus-em-rondonopolis\/\">Fonte da Noticia <\/a><\/p>\n","protected":false},"excerpt":{"rendered":"<p>Em mais uma demonstra\u00e7\u00e3o de gest\u00e3o plural e democr\u00e1tica, o vereador J\u00fanior Mendon\u00e7a (PT), presidente da C\u00e2mara Municipal de Rondon\u00f3polis, abriu o di\u00e1logo com a sociedade para resolver quest\u00f5es de interesse p\u00fablico. Desta vez a interven\u00e7\u00e3o do Legislativo local foi necess\u00e1ria diante do posicionamento dos motoristas de \u00f4nibus do transporte p\u00fablico, quando decidiram, desde a [&hellip;]<\/p>\n","protected":false},"author":1,"featured_media":5450,"comment_status":"closed","ping_status":"closed","sticky":false,"template":"","format":"standard","meta":[],"categories":[1],"tags":[],"_links":{"self":[{"href":"https:\/\/ligana104.com.br\/2021\/wp-json\/wp\/v2\/posts\/5449"}],"collection":[{"href":"https:\/\/ligana104.com.br\/2021\/wp-json\/wp\/v2\/posts"}],"about":[{"href":"https:\/\/ligana104.com.br\/2021\/wp-json\/wp\/v2\/types\/post"}],"author":[{"embeddable":true,"href":"https:\/\/ligana104.com.br\/2021\/wp-json\/wp\/v2\/users\/1"}],"replies":[{"embeddable":true,"href":"https:\/\/ligana104.com.br\/2021\/wp-json\/wp\/v2\/comments?post=5449"}],"version-history":[{"count":1,"href":"https:\/\/ligana104.com.br\/2021\/wp-json\/wp\/v2\/posts\/5449\/revisions"}],"predecessor-version":[{"id":5451,"href":"https:\/\/ligana104.com.br\/2021\/wp-json\/wp\/v2\/posts\/5449\/revisions\/5451"}],"wp:featuredmedia":[{"embeddable":true,"href":"https:\/\/ligana104.com.br\/2021\/wp-json\/wp\/v2\/media\/5450"}],"wp:attachment":[{"href":"https:\/\/ligana104.com.br\/2021\/wp-json\/wp\/v2\/media?parent=5449"}],"wp:term":[{"taxonomy":"category","embeddable":true,"href":"https:\/\/ligana104.com.br\/2021\/wp-json\/wp\/v2\/categories?post=5449"},{"taxonomy":"post_tag","embeddable":true,"href":"https:\/\/ligana104.com.br\/2021\/wp-json\/wp\/v2\/tags?post=5449"}],"curies":[{"name":"wp","href":"https:\/\/api.w.org\/{rel}","templated":true}]}}