{"id":5428,"date":"2024-01-30T16:31:36","date_gmt":"2024-01-30T18:31:36","guid":{"rendered":"https:\/\/ligana104.com.br\/2021\/2024\/01\/30\/divulgada-programacao-do-evento-madeira-sustentavel-o-futuro-do-mercado\/"},"modified":"2024-01-30T16:31:37","modified_gmt":"2024-01-30T18:31:37","slug":"divulgada-programacao-do-evento-madeira-sustentavel-o-futuro-do-mercado","status":"publish","type":"post","link":"https:\/\/ligana104.com.br\/2021\/2024\/01\/30\/divulgada-programacao-do-evento-madeira-sustentavel-o-futuro-do-mercado\/","title":{"rendered":"Divulgada programa\u00e7\u00e3o do evento Madeira Sustent\u00e1vel: O futuro do mercado"},"content":{"rendered":"<p> <br \/>\n<\/p>\n<div>\n<div class=\"td-post-featured-image\"><\/div>\n<p>Foi divulgada nesta semana a programa\u00e7\u00e3o oficial do a segunda edi\u00e7\u00e3o do evento \u201cMadeira Sustent\u00e1vel: O futuro do mercado\u201d, no dia 15 de mar\u00e7o, no Rio de Janeiro (RJ). O encontro visa unir integrantes de todas as etapas da cadeia da madeira, em especial do manejo florestal sustent\u00e1vel, para levar informa\u00e7\u00f5es sobre o setor e criar um ambiente de neg\u00f3cios melhor. O evento \u00e9 organizado pelo F\u00f3rum Nacional das Atividades de Base Florestal (FNBF) e pelo Centro das Ind\u00fastrias Produtoras e Exportadoras de Madeira de Mato Grosso (Cipem).<\/p>\n<p>O evento ser\u00e1 aberto com a palestra \u201cMadeira nativa sustent\u00e1vel\u201d, que ser\u00e1 apresentada pelo presidente do FNBF, Frank Rogieri. Em seguida, \u00e9 a vez do presidente do Cipem, Edinei Blasius, que falar\u00e1 sobre o tema \u201cDescarboniza\u00e7\u00e3o da constru\u00e7\u00e3o civil \u2013 potencial florestal de Mato Grosso\u201d. A rastreabilidade da madeira de origem nativa ser\u00e1 abordada pela secret\u00e1ria de Meio Ambiente de Mato Grosso e presidente da Associa\u00e7\u00e3o Brasileira das Entidades Estaduais de Meio Ambiente, Mauren Lazzaretti.<\/p>\n<p>A segunda parte ser\u00e1 aberta pelo diretor de concess\u00f5es do Servi\u00e7o Florestal Brasileiro, Renato Rosenberg, que tratar\u00e1 das concess\u00f5es florestais no Brasil. J\u00e1 a \u201cMadeira na constru\u00e7\u00e3o no s\u00e9culo XXI\u201d \u00e9 o tema da palestra conduzida pelo arquiteto Roberto Lecomte. Encerrando o evento, o secret\u00e1rio de Estado de Desenvolvimento Econ\u00f4mico de Mato Grosso, Cesar Miranda, falar\u00e1 sobre Mato Grosso, um estado cada vez mais produtivo e sustent\u00e1vel. Ap\u00f3s as palestras, ser\u00e1 realizada uma rodada de conversa.<\/p>\n<p>Para este ano, o local escolhido para a realiza\u00e7\u00e3o do evento \u00e9 o Hotel Grand Hyatt, na Barra da Tijuca. S\u00e3o esperados profissionais como varejistas, engenheiros, arquitetos, profissionais de design de interior e design de m\u00f3veis, fabricantes de carrocerias e todos aqueles interessados em conhecer os trabalhos desenvolvidos pelos produtores.<\/p>\n<p>\u201cNossa ideia \u00e9 a de ir at\u00e9 os grandes mercados consumidores, unir todos os atores envolvidos na cadeia da madeira, em especial da madeira nativa, de manejo florestal sustent\u00e1vel e levar uma informa\u00e7\u00e3o de qualidade para essas pessoas, desmistificar algumas cren\u00e7as e quebrar paradigmas\u201d, explica o presidente do FNBF, Frank Rogieri.<\/p>\n<p>Os interessados em participar do evento dever\u00e3o encaminhar um e-mail para atendimento@duaimarketing.com.br. Mais informa\u00e7\u00f5es podem ser obtidas pelo telefone (65) 98130-3111. As inscri\u00e7\u00f5es s\u00e3o gratuitas.<\/p>\n<\/p><\/div>\n<p><br \/>\n<br \/><a href=\"https:\/\/nmt.com.br\/2024\/01\/30\/divulgada-programacao-do-evento-madeira-sustentavel-o-futuro-do-mercado\/\">Fonte da Noticia <\/a><\/p>\n","protected":false},"excerpt":{"rendered":"<p>Foi divulgada nesta semana a programa\u00e7\u00e3o oficial do a segunda edi\u00e7\u00e3o do evento \u201cMadeira Sustent\u00e1vel: O futuro do mercado\u201d, no dia 15 de mar\u00e7o, no Rio de Janeiro (RJ). O encontro visa unir integrantes de todas as etapas da cadeia da madeira, em especial do manejo florestal sustent\u00e1vel, para levar informa\u00e7\u00f5es sobre o setor e [&hellip;]<\/p>\n","protected":false},"author":1,"featured_media":5429,"comment_status":"closed","ping_status":"closed","sticky":false,"template":"","format":"standard","meta":[],"categories":[1],"tags":[],"_links":{"self":[{"href":"https:\/\/ligana104.com.br\/2021\/wp-json\/wp\/v2\/posts\/5428"}],"collection":[{"href":"https:\/\/ligana104.com.br\/2021\/wp-json\/wp\/v2\/posts"}],"about":[{"href":"https:\/\/ligana104.com.br\/2021\/wp-json\/wp\/v2\/types\/post"}],"author":[{"embeddable":true,"href":"https:\/\/ligana104.com.br\/2021\/wp-json\/wp\/v2\/users\/1"}],"replies":[{"embeddable":true,"href":"https:\/\/ligana104.com.br\/2021\/wp-json\/wp\/v2\/comments?post=5428"}],"version-history":[{"count":1,"href":"https:\/\/ligana104.com.br\/2021\/wp-json\/wp\/v2\/posts\/5428\/revisions"}],"predecessor-version":[{"id":5430,"href":"https:\/\/ligana104.com.br\/2021\/wp-json\/wp\/v2\/posts\/5428\/revisions\/5430"}],"wp:featuredmedia":[{"embeddable":true,"href":"https:\/\/ligana104.com.br\/2021\/wp-json\/wp\/v2\/media\/5429"}],"wp:attachment":[{"href":"https:\/\/ligana104.com.br\/2021\/wp-json\/wp\/v2\/media?parent=5428"}],"wp:term":[{"taxonomy":"category","embeddable":true,"href":"https:\/\/ligana104.com.br\/2021\/wp-json\/wp\/v2\/categories?post=5428"},{"taxonomy":"post_tag","embeddable":true,"href":"https:\/\/ligana104.com.br\/2021\/wp-json\/wp\/v2\/tags?post=5428"}],"curies":[{"name":"wp","href":"https:\/\/api.w.org\/{rel}","templated":true}]}}