{"id":5374,"date":"2024-01-29T17:30:03","date_gmt":"2024-01-29T19:30:03","guid":{"rendered":"https:\/\/ligana104.com.br\/2021\/2024\/01\/29\/novo-presidente-do-republicanos-reafirma-pre-candidatura-de-sachetti-e-chapa-forte-para-camara\/"},"modified":"2024-01-29T17:30:04","modified_gmt":"2024-01-29T19:30:04","slug":"novo-presidente-do-republicanos-reafirma-pre-candidatura-de-sachetti-e-chapa-forte-para-camara","status":"publish","type":"post","link":"https:\/\/ligana104.com.br\/2021\/2024\/01\/29\/novo-presidente-do-republicanos-reafirma-pre-candidatura-de-sachetti-e-chapa-forte-para-camara\/","title":{"rendered":"Novo presidente do Republicanos reafirma pr\u00e9-candidatura de Sachetti e chapa forte para C\u00e2mara"},"content":{"rendered":"<p> <br \/>\n<\/p>\n<div>\n<div class=\"td-post-featured-image\"><\/div>\n<p>O empres\u00e1rio Paulo Backes assumiu a presid\u00eancia do partido Republicanos em Rondon\u00f3polis e, em entrevista ao programa Bom Dia Cidade da 104 FM, reiterou o compromisso do partido em lan\u00e7ar Adilton Sachetti como candidato \u00e0 prefeitura nas elei\u00e7\u00f5es deste ano.<\/p>\n<p>\u201cAdilton, com toda a certeza, \u00e9 o nosso candidato; nosso partido tem candidato sim\u201d, afirmou Backes durante a entrevista.<\/p>\n<figure id=\"attachment_93068\" aria-describedby=\"caption-attachment-93068\" style=\"width: 799px\" class=\"wp-caption aligncenter\"><img decoding=\"async\" loading=\"lazy\" class=\"size-full wp-image-93068\" src=\"https:\/\/nmt.com.br\/wp-content\/uploads\/2024\/01\/IMG_3009.webp\" alt=\"\" width=\"799\" height=\"533\" srcset=\"https:\/\/nmt.com.br\/wp-content\/uploads\/2024\/01\/IMG_3009.webp 799w, https:\/\/nmt.com.br\/wp-content\/uploads\/2024\/01\/IMG_3009-300x200.webp 300w, https:\/\/nmt.com.br\/wp-content\/uploads\/2024\/01\/IMG_3009-768x512.webp 768w, https:\/\/nmt.com.br\/wp-content\/uploads\/2024\/01\/IMG_3009-640x427.webp 640w\" sizes=\"(max-width: 799px) 100vw, 799px\"\/><figcaption id=\"caption-attachment-93068\" class=\"wp-caption-text\">Paulo garantiu Adilton Sachetti na disputa.<\/figcaption><\/figure>\n<p>\u00a0<\/p>\n<p>Oficializado no comando do partido na \u00faltima segunda-feira, Backes est\u00e1 focado na constru\u00e7\u00e3o de uma chapa s\u00f3lida e competitiva para a C\u00e2mara de Vereadores. Ele planeja um grande evento para anunciar os novos filiados e pr\u00e9-candidatos ao cargo de vereador, destacando a import\u00e2ncia de uma chapa forte que resulte na elei\u00e7\u00e3o de vereadores.<\/p>\n<p><img decoding=\"async\" loading=\"lazy\" class=\"aligncenter size-full wp-image-93070\" src=\"https:\/\/nmt.com.br\/wp-content\/uploads\/2024\/01\/IMG_3010-1.jpeg\" alt=\"\" width=\"1024\" height=\"690\" srcset=\"https:\/\/nmt.com.br\/wp-content\/uploads\/2024\/01\/IMG_3010-1.jpeg 1024w, https:\/\/nmt.com.br\/wp-content\/uploads\/2024\/01\/IMG_3010-1-300x202.jpeg 300w, https:\/\/nmt.com.br\/wp-content\/uploads\/2024\/01\/IMG_3010-1-768x518.jpeg 768w, https:\/\/nmt.com.br\/wp-content\/uploads\/2024\/01\/IMG_3010-1-640x431.jpeg 640w\" sizes=\"(max-width: 1024px) 100vw, 1024px\"\/><\/p>\n<p>Sobre a perman\u00eancia de Kalynka no Republicanos, Backes afirmou que o partido aguarda uma posi\u00e7\u00e3o dela e espera contar com sua participa\u00e7\u00e3o. A vereadora foi antecessora do empres\u00e1rio na lideran\u00e7a da sigla.<\/p>\n<p>O Republicanos possui destaque na pol\u00edtica local com o deputado estadual Valmir Moretto e o vice-governador de Mato Grosso, Otaviano Pivetta, que \u00e9 cogitado como candidato \u00e0 sucess\u00e3o de Mauro Mendes.<\/p>\n<p><img decoding=\"async\" loading=\"lazy\" class=\"aligncenter size-full wp-image-93071\" src=\"https:\/\/nmt.com.br\/wp-content\/uploads\/2024\/01\/IMG_3011.webp\" alt=\"\" width=\"1024\" height=\"683\" srcset=\"https:\/\/nmt.com.br\/wp-content\/uploads\/2024\/01\/IMG_3011.webp 1024w, https:\/\/nmt.com.br\/wp-content\/uploads\/2024\/01\/IMG_3011-300x200.webp 300w, https:\/\/nmt.com.br\/wp-content\/uploads\/2024\/01\/IMG_3011-768x512.webp 768w, https:\/\/nmt.com.br\/wp-content\/uploads\/2024\/01\/IMG_3011-640x427.webp 640w\" sizes=\"(max-width: 1024px) 100vw, 1024px\"\/><br \/>Backes tamb\u00e9m mencionou a discuss\u00e3o em andamento sobre uma Federa\u00e7\u00e3o envolvendo o Republicanos, Uni\u00e3o Brasil e o PP. Apesar disso, ele expressou confian\u00e7a de que o governador Mauro Mendes apoiar\u00e1 o candidato do partido, enfatizando a proximidade do governador com o Republicanos e o grupo liderado por Adilton Sachetti.<\/p>\n<\/p><\/div>\n<p><br \/>\n<br \/><a href=\"https:\/\/nmt.com.br\/2024\/01\/29\/novo-presidente-do-republicanos-reafirma-pre-candidatura-de-sachetti-e-chapa-forte-para-camara\/\">Fonte da Noticia <\/a><\/p>\n","protected":false},"excerpt":{"rendered":"<p>O empres\u00e1rio Paulo Backes assumiu a presid\u00eancia do partido Republicanos em Rondon\u00f3polis e, em entrevista ao programa Bom Dia Cidade da 104 FM, reiterou o compromisso do partido em lan\u00e7ar Adilton Sachetti como candidato \u00e0 prefeitura nas elei\u00e7\u00f5es deste ano. \u201cAdilton, com toda a certeza, \u00e9 o nosso candidato; nosso partido tem candidato sim\u201d, afirmou [&hellip;]<\/p>\n","protected":false},"author":1,"featured_media":5375,"comment_status":"closed","ping_status":"closed","sticky":false,"template":"","format":"standard","meta":[],"categories":[1],"tags":[],"_links":{"self":[{"href":"https:\/\/ligana104.com.br\/2021\/wp-json\/wp\/v2\/posts\/5374"}],"collection":[{"href":"https:\/\/ligana104.com.br\/2021\/wp-json\/wp\/v2\/posts"}],"about":[{"href":"https:\/\/ligana104.com.br\/2021\/wp-json\/wp\/v2\/types\/post"}],"author":[{"embeddable":true,"href":"https:\/\/ligana104.com.br\/2021\/wp-json\/wp\/v2\/users\/1"}],"replies":[{"embeddable":true,"href":"https:\/\/ligana104.com.br\/2021\/wp-json\/wp\/v2\/comments?post=5374"}],"version-history":[{"count":1,"href":"https:\/\/ligana104.com.br\/2021\/wp-json\/wp\/v2\/posts\/5374\/revisions"}],"predecessor-version":[{"id":5376,"href":"https:\/\/ligana104.com.br\/2021\/wp-json\/wp\/v2\/posts\/5374\/revisions\/5376"}],"wp:featuredmedia":[{"embeddable":true,"href":"https:\/\/ligana104.com.br\/2021\/wp-json\/wp\/v2\/media\/5375"}],"wp:attachment":[{"href":"https:\/\/ligana104.com.br\/2021\/wp-json\/wp\/v2\/media?parent=5374"}],"wp:term":[{"taxonomy":"category","embeddable":true,"href":"https:\/\/ligana104.com.br\/2021\/wp-json\/wp\/v2\/categories?post=5374"},{"taxonomy":"post_tag","embeddable":true,"href":"https:\/\/ligana104.com.br\/2021\/wp-json\/wp\/v2\/tags?post=5374"}],"curies":[{"name":"wp","href":"https:\/\/api.w.org\/{rel}","templated":true}]}}