{"id":5362,"date":"2024-01-29T13:21:17","date_gmt":"2024-01-29T15:21:17","guid":{"rendered":"https:\/\/ligana104.com.br\/2021\/2024\/01\/29\/prefeito-prestigia-inauguracao-da-nova-sede-da-ong-casa-do-adolescente-sagrada-familia\/"},"modified":"2024-01-29T13:21:18","modified_gmt":"2024-01-29T15:21:18","slug":"prefeito-prestigia-inauguracao-da-nova-sede-da-ong-casa-do-adolescente-sagrada-familia","status":"publish","type":"post","link":"https:\/\/ligana104.com.br\/2021\/2024\/01\/29\/prefeito-prestigia-inauguracao-da-nova-sede-da-ong-casa-do-adolescente-sagrada-familia\/","title":{"rendered":"Prefeito prestigia inaugura\u00e7\u00e3o da nova sede da ONG \u2013 Casa do Adolescente Sagrada Fam\u00edlia"},"content":{"rendered":"<p> <br \/>\n<\/p>\n<div id=\"infocoweb_corpo\">\n<p>Final da tarde de sexta-feira (26), o prefeito Jos\u00e9 Carlos do P\u00e1tio esteve presente prestigiando a inaugura\u00e7\u00e3o das instala\u00e7\u00f5es da nova sede, da ONG \u2013 Casa do Adolescente Sagrada Fam\u00edlia \u2013 CASF, instalada no bairro Sagrada Fam\u00edlia e que contou com a presen\u00e7a de parceiros importantes como a presidente do Tribunal Regional do Trabalho de Mato Grosso, Desembargadora Adenir Alves da Silva Carruesco; promotor de Justi\u00e7a do Minist\u00e9rio P\u00fablico do Trabalho, Pedro Henrique Goldin; a Presidente da CASF \u2013 Graziela Beltrame de Matos; a fundadora da casa Dona H\u00e9lia Arcanjo; al\u00e9m de diversas autoridades p\u00fablicas, bem como representantes da sociedade organizada.<\/p>\n<figure><\/figure>\n<p>Na verdade, a Casf existe h\u00e1 32 anos e nesse intervalo de tempo j\u00e1 atendeu pelo menos 900 crian\u00e7as e adolescentes com idades entre sete e 14 anos de idade. Por conta do seu trabalho social relevante, a entidade sempre atuou de forma expressiva em prol ao desenvolvimento e prote\u00e7\u00e3o dos adolescentes em situa\u00e7\u00e3o de vulnerabilidade social.<\/p>\n<p>A prefeitura sempre foi parceira da entidade, e a subvencionou com recursos p\u00fablicos necess\u00e1rios \u00e0 complementa\u00e7\u00e3o das despesas cotidianas da institui\u00e7\u00e3o. No entanto, desde o in\u00edcio das gest\u00f5es P\u00e1tio, a prefeitura tem mantido a parceria com recursos p\u00fablicos, e contribuiu inclusive, com ajuda financeira para a constru\u00e7\u00e3o da nova sede.<\/p>\n<p>Conforme a presidente Graziela Beltrame, nesses anos todos os parceiros e colaboradores tiveram um papel importante com as contribui\u00e7\u00f5es financeiras que sustentaram a entidade para ela cumprisse o seu papel na sociedade rondonopolitana, como o Rotary Clube Cerrado, o Minist\u00e9rio Publico do Trabalho e o TRT\/MT, a prefeitura, e a ACIR, entre outras.<\/p>\n<p>Nos \u00faltimos anos, a prefeitura conseguiu aprovar na C\u00e2mara Municipal, um termo de fomento entre a administra\u00e7\u00e3o municipal e a entidade, onde a municipalidade destinou R$ 113.375,55 dividido em 12 parcelas de R$ 9.447,96.<\/p>\n<p>Com as novas instala\u00e7\u00f5es, a entidade que antes, ajudava cerca de 100 crian\u00e7as e adolescentes, em dois per\u00edodos, matutino e vespertino, vai passar a atender cerca de 400 crian\u00e7as, sendo 200 no per\u00edodo matutino e 200 no vespertino.<\/p>\n<p>No local as crian\u00e7as ter\u00e3o aulas de m\u00fasica, educa\u00e7\u00e3o f\u00edsica, refor\u00e7o escolar, com biblioteca, brinquedoteca, aulas de dan\u00e7a; laborat\u00f3rio de inform\u00e1tica, e artes entre outras. O local disp\u00f5e ainda de uma moderna cozinha e refeit\u00f3rio onde os frequentadores recebem alimenta\u00e7\u00e3o.<\/p>\n<figure><img decoding=\"async\" src=\"https:\/\/urgentenews.com.br\/wp-content\/uploads\/2024\/01\/29\/4b96abe4cf6b80f88218dacaad66bb8a.jpg\" data-image=\"WhatsApp Image 2024-01-29 at 09.30.34.jpeg\"\/><\/figure>\n<p>O evento contou com a anima\u00e7\u00e3o da <em><strong>Orquestra Anjos da Casf,<\/strong><\/em> formada por alunos da institui\u00e7\u00e3o, que executou o Hino Nacional, bem como diversos n\u00fameros musicais.<\/p>\n<p>O prefeito Jos\u00e9 Carlos do P\u00e1tio, parabenizou a entidade pelos relevantes servi\u00e7os prestados \u00e0 sociedade, tendo contribu\u00eddo sobremaneira com o desenvolvimento social da cidade. P\u00e1tio refirmou o seu compromisso em auxiliar a institui\u00e7\u00e3o atrav\u00e9s de subven\u00e7\u00f5es p\u00fablicas de fomento para que a mesma continue esse excelente trabalho social. \u201cEu parabenizo a Casf bem como outras institui\u00e7\u00f5es parceiras pelo excelente trabalho que desenvolvem, complementando as pol\u00edticas p\u00fablicas do poder p\u00fablico municipal, Da nossa parte continuaremos apoiando e fomentando esse trabalho importante para todos, principalmente para as nossas crian\u00e7as e adolescentes em situa\u00e7\u00e3o de vulnerabilidade social\u201d, argumentou o prefeito.<\/p>\n<figure><strong><img decoding=\"async\" src=\"https:\/\/urgentenews.com.br\/wp-content\/uploads\/2024\/01\/29\/f44800408c5436c432d7ed023f2c0775.jpg\" data-image=\"DSC_1396.jpg\"\/><\/strong><\/figure>\n<figure><em><strong><img decoding=\"async\" src=\"https:\/\/urgentenews.com.br\/wp-content\/uploads\/2024\/01\/29\/20734922692a1e09adf5b7c923cc44bb.jpg\" data-image=\"WhatsApp Image 2024-01-29 at 09.30.35.jpeg\"\/><\/strong><\/em><\/figure>\n<p><em><strong>Laborat\u00f3rio de inform\u00e1tica\u2026<\/strong><\/em><\/p>\n<figure><strong><img decoding=\"async\" src=\"https:\/\/urgentenews.com.br\/wp-content\/uploads\/2024\/01\/29\/534ace5a33ded07a8438e299cc1b00a7.jpg\" data-image=\"WhatsApp Image 2024-01-29 at 09.30.36.jpeg\"\/><\/strong><\/figure>\n<p><strong>Sala de m\u00fasica\u2026<\/strong><\/p>\n<figure><img decoding=\"async\" src=\"https:\/\/urgentenews.com.br\/wp-content\/uploads\/2024\/01\/29\/26d60ed7d22f834531977555472ffb9d.jpg\" data-image=\"WhatsApp Image 2024-01-29 at 09.30.37.jpeg\"\/><\/figure>\n<p><em><strong>Sala de refor\u00e7o escolar\u2026<\/strong><\/em><\/p>\n<figure><strong><img decoding=\"async\" src=\"https:\/\/urgentenews.com.br\/wp-content\/uploads\/2024\/01\/29\/1b78cd979a452770320d206a7ee4a680.jpg\" data-image=\"WhatsApp Image 2024-01-29 at 09.30.36 (1).jpeg\"\/><\/strong><\/figure>\n<p><strong>Sala com piso acolchoado para exerc\u00edcios f\u00edsicos de dan\u00e7a e artes\u2026<\/strong><\/p>\n<p id=\"infocoweb_fonte\" class=\"infocoweb_fonte\">Fonte: <a target=\"_blank\" href=\"http:\/\/www.rondonopolis.mt.gov.br\/noticias\/prefeito-prestigia-inauguracao-da-nova-sede-da-ong-casa-do-adolescente-sagrada-familia\/#2abefd22-3906-428b-a4e3-2200965d6d28\" rel=\"noopener\">Prefeitura de Rondon\u00f3polis \u2013 MT<\/a><\/p>\n<\/div>\n<p><br \/>\n<br \/><a href=\"https:\/\/nmt.com.br\/2024\/01\/29\/prefeito-prestigia-inauguracao-da-nova-sede-da-ong-casa-do-adolescente-sagrada-familia\/\">Fonte da Noticia <\/a><\/p>\n","protected":false},"excerpt":{"rendered":"<p>Final da tarde de sexta-feira (26), o prefeito Jos\u00e9 Carlos do P\u00e1tio esteve presente prestigiando a inaugura\u00e7\u00e3o das instala\u00e7\u00f5es da nova sede, da ONG \u2013 Casa do Adolescente Sagrada Fam\u00edlia \u2013 CASF, instalada no bairro Sagrada Fam\u00edlia e que contou com a presen\u00e7a de parceiros importantes como a presidente do Tribunal Regional do Trabalho de [&hellip;]<\/p>\n","protected":false},"author":1,"featured_media":5363,"comment_status":"closed","ping_status":"closed","sticky":false,"template":"","format":"standard","meta":[],"categories":[1],"tags":[],"_links":{"self":[{"href":"https:\/\/ligana104.com.br\/2021\/wp-json\/wp\/v2\/posts\/5362"}],"collection":[{"href":"https:\/\/ligana104.com.br\/2021\/wp-json\/wp\/v2\/posts"}],"about":[{"href":"https:\/\/ligana104.com.br\/2021\/wp-json\/wp\/v2\/types\/post"}],"author":[{"embeddable":true,"href":"https:\/\/ligana104.com.br\/2021\/wp-json\/wp\/v2\/users\/1"}],"replies":[{"embeddable":true,"href":"https:\/\/ligana104.com.br\/2021\/wp-json\/wp\/v2\/comments?post=5362"}],"version-history":[{"count":1,"href":"https:\/\/ligana104.com.br\/2021\/wp-json\/wp\/v2\/posts\/5362\/revisions"}],"predecessor-version":[{"id":5364,"href":"https:\/\/ligana104.com.br\/2021\/wp-json\/wp\/v2\/posts\/5362\/revisions\/5364"}],"wp:featuredmedia":[{"embeddable":true,"href":"https:\/\/ligana104.com.br\/2021\/wp-json\/wp\/v2\/media\/5363"}],"wp:attachment":[{"href":"https:\/\/ligana104.com.br\/2021\/wp-json\/wp\/v2\/media?parent=5362"}],"wp:term":[{"taxonomy":"category","embeddable":true,"href":"https:\/\/ligana104.com.br\/2021\/wp-json\/wp\/v2\/categories?post=5362"},{"taxonomy":"post_tag","embeddable":true,"href":"https:\/\/ligana104.com.br\/2021\/wp-json\/wp\/v2\/tags?post=5362"}],"curies":[{"name":"wp","href":"https:\/\/api.w.org\/{rel}","templated":true}]}}