{"id":5321,"date":"2024-01-26T15:35:47","date_gmt":"2024-01-26T17:35:47","guid":{"rendered":"https:\/\/ligana104.com.br\/2021\/2024\/01\/26\/acidente-entre-4-carretas-deixa-motorista-ferido-na-br-364-videos\/"},"modified":"2024-01-26T15:35:48","modified_gmt":"2024-01-26T17:35:48","slug":"acidente-entre-4-carretas-deixa-motorista-ferido-na-br-364-videos","status":"publish","type":"post","link":"https:\/\/ligana104.com.br\/2021\/2024\/01\/26\/acidente-entre-4-carretas-deixa-motorista-ferido-na-br-364-videos\/","title":{"rendered":"Acidente entre 4 carretas deixa motorista ferido na BR-364; v\u00eddeos"},"content":{"rendered":"<p> <br \/>\n<\/p>\n<p>O motorista de uma carreta ficou ferido em um acidente que envolveu 4 carretas, no km 275 da BR-364, em Jaciara. A colis\u00e3o ocorreu por volta das 5h, desta sexta-feira (26).<\/p>\n<p>Conforme informa\u00e7\u00f5es, a Nova Rota foi acionada nesta sexta-feira (26.01.2024), \u00e0s 05h12, ap\u00f3s ocorr\u00eancia envolvendo quatro carretas no km 275 da BR-364, em Jaciara.<\/p>\n<\/p>\n<p>Um condutor foi encaminhado pelo Servi\u00e7o de Atendimento M\u00f3vel de Urg\u00eancia (SAMU).<\/p>\n<p>A pista chegou a ficar obstru\u00edda no sentido sul para os atendimentos, mas em seguida a pista foi liberada.<\/p>\n<p>Ainda n\u00e3o h\u00e1 informa\u00e7\u00f5es, sobre como teria ocorrido o acidente.<\/p>\n<p>V\u00eddeos:<\/p>\n<div style=\"width: 480px\" class=\"wp-video\"><!--[if lt IE 9]&gt;document.createElement('video');&lt;![endif]--><br \/>\n<video class=\"wp-video-shortcode\" id=\"video-27208-1\" width=\"480\" height=\"848\" preload=\"metadata\" controls=\"controls\">http:\/\/rgtnews.com.br\/wp-content\/uploads\/2024\/01\/369c874a-6728-43c9-894f-87c3b512217c.mp4<\/video><\/div>\n<p>&nbsp;<\/p>\n<div style=\"width: 848px\" class=\"wp-video\"><video class=\"wp-video-shortcode\" id=\"video-27208-2\" width=\"848\" height=\"480\" preload=\"metadata\" controls=\"controls\">http:\/\/rgtnews.com.br\/wp-content\/uploads\/2024\/01\/95deceea-bf17-46af-8f6d-6126f8a8088a.mp4<\/video><\/div>\n<p>&nbsp;<\/p>\n<p><br \/>\n<br \/><a href=\"https:\/\/rgtnews.com.br\/noticias\/policia\/acidente-entre-4-carretas-deixa-motorista-ferido-na-br-364-videos\/?utm_source=rss&#038;utm_medium=rss&#038;utm_campaign=acidente-entre-4-carretas-deixa-motorista-ferido-na-br-364-videos\">Fonte da Noticia <\/a><\/p>\n","protected":false},"excerpt":{"rendered":"<p>O motorista de uma carreta ficou ferido em um acidente que envolveu 4 carretas, no km 275 da BR-364, em Jaciara. A colis\u00e3o ocorreu por volta das 5h, desta sexta-feira (26). Conforme informa\u00e7\u00f5es, a Nova Rota foi acionada nesta sexta-feira (26.01.2024), \u00e0s 05h12, ap\u00f3s ocorr\u00eancia envolvendo quatro carretas no km 275 da BR-364, em Jaciara. [&hellip;]<\/p>\n","protected":false},"author":1,"featured_media":5322,"comment_status":"closed","ping_status":"closed","sticky":false,"template":"","format":"standard","meta":[],"categories":[1],"tags":[],"_links":{"self":[{"href":"https:\/\/ligana104.com.br\/2021\/wp-json\/wp\/v2\/posts\/5321"}],"collection":[{"href":"https:\/\/ligana104.com.br\/2021\/wp-json\/wp\/v2\/posts"}],"about":[{"href":"https:\/\/ligana104.com.br\/2021\/wp-json\/wp\/v2\/types\/post"}],"author":[{"embeddable":true,"href":"https:\/\/ligana104.com.br\/2021\/wp-json\/wp\/v2\/users\/1"}],"replies":[{"embeddable":true,"href":"https:\/\/ligana104.com.br\/2021\/wp-json\/wp\/v2\/comments?post=5321"}],"version-history":[{"count":1,"href":"https:\/\/ligana104.com.br\/2021\/wp-json\/wp\/v2\/posts\/5321\/revisions"}],"predecessor-version":[{"id":5323,"href":"https:\/\/ligana104.com.br\/2021\/wp-json\/wp\/v2\/posts\/5321\/revisions\/5323"}],"wp:featuredmedia":[{"embeddable":true,"href":"https:\/\/ligana104.com.br\/2021\/wp-json\/wp\/v2\/media\/5322"}],"wp:attachment":[{"href":"https:\/\/ligana104.com.br\/2021\/wp-json\/wp\/v2\/media?parent=5321"}],"wp:term":[{"taxonomy":"category","embeddable":true,"href":"https:\/\/ligana104.com.br\/2021\/wp-json\/wp\/v2\/categories?post=5321"},{"taxonomy":"post_tag","embeddable":true,"href":"https:\/\/ligana104.com.br\/2021\/wp-json\/wp\/v2\/tags?post=5321"}],"curies":[{"name":"wp","href":"https:\/\/api.w.org\/{rel}","templated":true}]}}