{"id":5315,"date":"2024-01-26T13:30:10","date_gmt":"2024-01-26T15:30:10","guid":{"rendered":"https:\/\/ligana104.com.br\/2021\/2024\/01\/26\/toro-colide-brutalmente-em-carreta-e-motorista-fica-ferido-na-br-364-fotos\/"},"modified":"2024-01-26T13:30:10","modified_gmt":"2024-01-26T15:30:10","slug":"toro-colide-brutalmente-em-carreta-e-motorista-fica-ferido-na-br-364-fotos","status":"publish","type":"post","link":"https:\/\/ligana104.com.br\/2021\/2024\/01\/26\/toro-colide-brutalmente-em-carreta-e-motorista-fica-ferido-na-br-364-fotos\/","title":{"rendered":"Toro colide brutalmente em carreta e motorista fica ferido na BR-364; fotos"},"content":{"rendered":"<p> <br \/>\n<\/p>\n<p>Um motorista ficou ferido ap\u00f3s colidir na traseira de uma carreta no km 267 da BR-364, em frente ao Cristo Redentor, entre S\u00e3o Pedro da Cipa e Jaciara. O acidente ocorreu na manh\u00e3 desta sexta-feira (26).<\/p>\n<p>De acordo com informa\u00e7\u00f5es, a\u00a0Nova Rota do Oeste foi acionada \u00e0s 7h58 para o atendimento a uma ocorr\u00eancia no km 267 da BR-364, envolvendo um Fiat Toro vermelho, placa Brasil, e uma carreta Sc\u00e2nia R500 amarela, placa Brasil.<\/p>\n<figure id=\"attachment_27225\" aria-describedby=\"caption-attachment-27225\" style=\"width: 1024px\" class=\"wp-caption alignnone\"><figcaption id=\"caption-attachment-27225\" class=\"wp-caption-text\">Portal Bora Ver<\/figcaption><\/figure>\n<p>A equipe de resgate da Nova Rota do Oeste, do Corpo de Bombeiros e do Samu estiveram no local atendendo aos envolvidos.<\/p>\n<p>Conforme informa\u00e7\u00f5es iniciais, a condutor da Toro foi encaminhado a uma unidade de sa\u00fade e o motorista da carreta saiu ileso e assinou termo de recusa de encaminhamento m\u00e9dico.<\/p>\n<p>At\u00e9 \u00e0s 10h a ocorr\u00eancia ainda estava em andamento.<\/p>\n<p><br \/>\n<br \/><a href=\"https:\/\/rgtnews.com.br\/noticias\/policia\/toro-colide-brutalmente-em-carreta-e-motorista-fica-ferido-na-br-364-fotos\/?utm_source=rss&#038;utm_medium=rss&#038;utm_campaign=toro-colide-brutalmente-em-carreta-e-motorista-fica-ferido-na-br-364-fotos\">Fonte da Noticia <\/a><\/p>\n","protected":false},"excerpt":{"rendered":"<p>Um motorista ficou ferido ap\u00f3s colidir na traseira de uma carreta no km 267 da BR-364, em frente ao Cristo Redentor, entre S\u00e3o Pedro da Cipa e Jaciara. O acidente ocorreu na manh\u00e3 desta sexta-feira (26). De acordo com informa\u00e7\u00f5es, a\u00a0Nova Rota do Oeste foi acionada \u00e0s 7h58 para o atendimento a uma ocorr\u00eancia no [&hellip;]<\/p>\n","protected":false},"author":1,"featured_media":5316,"comment_status":"closed","ping_status":"closed","sticky":false,"template":"","format":"standard","meta":[],"categories":[1],"tags":[],"_links":{"self":[{"href":"https:\/\/ligana104.com.br\/2021\/wp-json\/wp\/v2\/posts\/5315"}],"collection":[{"href":"https:\/\/ligana104.com.br\/2021\/wp-json\/wp\/v2\/posts"}],"about":[{"href":"https:\/\/ligana104.com.br\/2021\/wp-json\/wp\/v2\/types\/post"}],"author":[{"embeddable":true,"href":"https:\/\/ligana104.com.br\/2021\/wp-json\/wp\/v2\/users\/1"}],"replies":[{"embeddable":true,"href":"https:\/\/ligana104.com.br\/2021\/wp-json\/wp\/v2\/comments?post=5315"}],"version-history":[{"count":1,"href":"https:\/\/ligana104.com.br\/2021\/wp-json\/wp\/v2\/posts\/5315\/revisions"}],"predecessor-version":[{"id":5317,"href":"https:\/\/ligana104.com.br\/2021\/wp-json\/wp\/v2\/posts\/5315\/revisions\/5317"}],"wp:featuredmedia":[{"embeddable":true,"href":"https:\/\/ligana104.com.br\/2021\/wp-json\/wp\/v2\/media\/5316"}],"wp:attachment":[{"href":"https:\/\/ligana104.com.br\/2021\/wp-json\/wp\/v2\/media?parent=5315"}],"wp:term":[{"taxonomy":"category","embeddable":true,"href":"https:\/\/ligana104.com.br\/2021\/wp-json\/wp\/v2\/categories?post=5315"},{"taxonomy":"post_tag","embeddable":true,"href":"https:\/\/ligana104.com.br\/2021\/wp-json\/wp\/v2\/tags?post=5315"}],"curies":[{"name":"wp","href":"https:\/\/api.w.org\/{rel}","templated":true}]}}