{"id":5306,"date":"2024-01-26T07:01:34","date_gmt":"2024-01-26T09:01:34","guid":{"rendered":"https:\/\/ligana104.com.br\/2021\/2024\/01\/26\/crise-investidores-ameacam-deixar-de-investir-no-brasil-caso-guido-mantega-se-torne-presidente-da-vale-apos-intervencao-de-lula\/"},"modified":"2024-01-26T07:01:35","modified_gmt":"2024-01-26T09:01:35","slug":"crise-investidores-ameacam-deixar-de-investir-no-brasil-caso-guido-mantega-se-torne-presidente-da-vale-apos-intervencao-de-lula","status":"publish","type":"post","link":"https:\/\/ligana104.com.br\/2021\/2024\/01\/26\/crise-investidores-ameacam-deixar-de-investir-no-brasil-caso-guido-mantega-se-torne-presidente-da-vale-apos-intervencao-de-lula\/","title":{"rendered":"Crise: Investidores amea\u00e7am deixar de investir no Brasil caso Guido Mantega se torne presidente da Vale ap\u00f3s interven\u00e7\u00e3o de Lula"},"content":{"rendered":"<p> <br \/>\n<\/p>\n<p data-reader-unique-id=\"2\">Grandes fundos de investimentos e investidores est\u00e3o reagindo \u00e0 a\u00e7\u00e3o do presidente Luiz In\u00e1cio Lula da Silva (PT) de realizar uma \u201ccampanha\u201d para colocar o ex-ministro Guido Mantega na presid\u00eancia da Vale.<\/p>\n<p data-reader-unique-id=\"11\">De acordo com o site g1, eles n\u00e3o querem ceder \u00e0s press\u00f5es do Pal\u00e1cio do Planalto.<\/p>\n<p data-reader-unique-id=\"35\">Segundo o site, \u201celes afirmam que, se Mantega assumir o comando da empresa, v\u00e3o rever planos de novos investimentos no pa\u00eds, por considerar uma interven\u00e7\u00e3o em empresa privada\u201d.<\/p>\n<p data-reader-unique-id=\"44\">Os acionistas da Vale at\u00e9 aceitam uma sa\u00edda alternativa, de acordo com o portal: aprovar Mantega como conselheiro da mineradora, mas n\u00e3o presidente da empresa.<\/p>\n<p data-reader-unique-id=\"45\">Gazeta Brasil<\/p>\n<p><br \/>\n<br \/><a href=\"https:\/\/rgtnews.com.br\/noticias\/politica\/crise-investidores-ameacam-deixar-de-investir-no-brasil-caso-guido-mantega-se-torne-presidente-da-vale-apos-intervencao-de-lula\/?utm_source=rss&#038;utm_medium=rss&#038;utm_campaign=crise-investidores-ameacam-deixar-de-investir-no-brasil-caso-guido-mantega-se-torne-presidente-da-vale-apos-intervencao-de-lula\">Fonte da Noticia <\/a><\/p>\n","protected":false},"excerpt":{"rendered":"<p>Grandes fundos de investimentos e investidores est\u00e3o reagindo \u00e0 a\u00e7\u00e3o do presidente Luiz In\u00e1cio Lula da Silva (PT) de realizar uma \u201ccampanha\u201d para colocar o ex-ministro Guido Mantega na presid\u00eancia da Vale. De acordo com o site g1, eles n\u00e3o querem ceder \u00e0s press\u00f5es do Pal\u00e1cio do Planalto. Segundo o site, \u201celes afirmam que, se [&hellip;]<\/p>\n","protected":false},"author":1,"featured_media":5307,"comment_status":"closed","ping_status":"closed","sticky":false,"template":"","format":"standard","meta":[],"categories":[1],"tags":[],"_links":{"self":[{"href":"https:\/\/ligana104.com.br\/2021\/wp-json\/wp\/v2\/posts\/5306"}],"collection":[{"href":"https:\/\/ligana104.com.br\/2021\/wp-json\/wp\/v2\/posts"}],"about":[{"href":"https:\/\/ligana104.com.br\/2021\/wp-json\/wp\/v2\/types\/post"}],"author":[{"embeddable":true,"href":"https:\/\/ligana104.com.br\/2021\/wp-json\/wp\/v2\/users\/1"}],"replies":[{"embeddable":true,"href":"https:\/\/ligana104.com.br\/2021\/wp-json\/wp\/v2\/comments?post=5306"}],"version-history":[{"count":1,"href":"https:\/\/ligana104.com.br\/2021\/wp-json\/wp\/v2\/posts\/5306\/revisions"}],"predecessor-version":[{"id":5308,"href":"https:\/\/ligana104.com.br\/2021\/wp-json\/wp\/v2\/posts\/5306\/revisions\/5308"}],"wp:featuredmedia":[{"embeddable":true,"href":"https:\/\/ligana104.com.br\/2021\/wp-json\/wp\/v2\/media\/5307"}],"wp:attachment":[{"href":"https:\/\/ligana104.com.br\/2021\/wp-json\/wp\/v2\/media?parent=5306"}],"wp:term":[{"taxonomy":"category","embeddable":true,"href":"https:\/\/ligana104.com.br\/2021\/wp-json\/wp\/v2\/categories?post=5306"},{"taxonomy":"post_tag","embeddable":true,"href":"https:\/\/ligana104.com.br\/2021\/wp-json\/wp\/v2\/tags?post=5306"}],"curies":[{"name":"wp","href":"https:\/\/api.w.org\/{rel}","templated":true}]}}