{"id":5285,"date":"2024-01-25T23:46:04","date_gmt":"2024-01-26T01:46:04","guid":{"rendered":"https:\/\/ligana104.com.br\/2021\/2024\/01\/25\/policia-encontra-corpo-que-pode-ser-de-funcionario-da-amaggi-com-sinais-de-violencia\/"},"modified":"2024-01-25T23:46:05","modified_gmt":"2024-01-26T01:46:05","slug":"policia-encontra-corpo-que-pode-ser-de-funcionario-da-amaggi-com-sinais-de-violencia","status":"publish","type":"post","link":"https:\/\/ligana104.com.br\/2021\/2024\/01\/25\/policia-encontra-corpo-que-pode-ser-de-funcionario-da-amaggi-com-sinais-de-violencia\/","title":{"rendered":"Pol\u00edcia encontra corpo que pode ser de funcion\u00e1rio da Amaggi com sinais de viol\u00eancia"},"content":{"rendered":"<p> <br \/>\n<\/p>\n<p data-reader-unique-id=\"34\">Um corpo com sinais de viol\u00eancia foi encontrado no final da tarde desta quinta-feira (25), dentro de um ve\u00edculo submerso as margens do rio Arinos, no munic\u00edpio de Diamantino (181 km de Cuiab\u00e1).<\/p>\n<p data-reader-unique-id=\"40\">A pol\u00edcia acredita que o corpo seja de Ivan de Paula, de 40 anos, funcion\u00e1rio da empresa Amaggi, est\u00e1 desaparecido desde a \u00faltima segunda-feira (22).<\/p>\n<p data-reader-unique-id=\"51\">\n<p data-reader-unique-id=\"60\">As informa\u00e7\u00f5es s\u00e3o que ele havia sa\u00eddo naquele dia para visitar um cliente da empresa na cidade de Diamantino. Conforme o site de not\u00edcias, Diamantino News, o carro tem as caracter\u00edsticas de Ivan, uma caminhonete modelo Renault Oroch, com um corpo dentro.<\/p>\n<p data-reader-unique-id=\"61\">A Pol\u00edcia T\u00e9cnica do Estado (Politec) far\u00e1 um teste de DNA para confirmar se o corpo realmente tratar-se de Ivan de Paula.<\/p>\n<p data-reader-unique-id=\"62\"><strong data-reader-unique-id=\"63\">ASSISTA V\u00cdDEO <a href=\"https:\/\/www.estadaomatogrosso.com.br\/policia\/policia-encontra-corpo-que-pode-ser-de-funcionario-da-amaggi-com-sinais-de-violencia\/86201\"><em>AQUI<\/em><\/a><\/strong><\/p>\n<p><br \/>\n<br \/><a href=\"https:\/\/rgtnews.com.br\/noticias\/policia\/policia-encontra-corpo-que-pode-ser-de-funcionario-da-amaggi-com-sinais-de-violencia\/?utm_source=rss&#038;utm_medium=rss&#038;utm_campaign=policia-encontra-corpo-que-pode-ser-de-funcionario-da-amaggi-com-sinais-de-violencia\">Fonte da Noticia <\/a><\/p>\n","protected":false},"excerpt":{"rendered":"<p>Um corpo com sinais de viol\u00eancia foi encontrado no final da tarde desta quinta-feira (25), dentro de um ve\u00edculo submerso as margens do rio Arinos, no munic\u00edpio de Diamantino (181 km de Cuiab\u00e1). A pol\u00edcia acredita que o corpo seja de Ivan de Paula, de 40 anos, funcion\u00e1rio da empresa Amaggi, est\u00e1 desaparecido desde a [&hellip;]<\/p>\n","protected":false},"author":1,"featured_media":5286,"comment_status":"closed","ping_status":"closed","sticky":false,"template":"","format":"standard","meta":[],"categories":[1],"tags":[],"_links":{"self":[{"href":"https:\/\/ligana104.com.br\/2021\/wp-json\/wp\/v2\/posts\/5285"}],"collection":[{"href":"https:\/\/ligana104.com.br\/2021\/wp-json\/wp\/v2\/posts"}],"about":[{"href":"https:\/\/ligana104.com.br\/2021\/wp-json\/wp\/v2\/types\/post"}],"author":[{"embeddable":true,"href":"https:\/\/ligana104.com.br\/2021\/wp-json\/wp\/v2\/users\/1"}],"replies":[{"embeddable":true,"href":"https:\/\/ligana104.com.br\/2021\/wp-json\/wp\/v2\/comments?post=5285"}],"version-history":[{"count":1,"href":"https:\/\/ligana104.com.br\/2021\/wp-json\/wp\/v2\/posts\/5285\/revisions"}],"predecessor-version":[{"id":5287,"href":"https:\/\/ligana104.com.br\/2021\/wp-json\/wp\/v2\/posts\/5285\/revisions\/5287"}],"wp:featuredmedia":[{"embeddable":true,"href":"https:\/\/ligana104.com.br\/2021\/wp-json\/wp\/v2\/media\/5286"}],"wp:attachment":[{"href":"https:\/\/ligana104.com.br\/2021\/wp-json\/wp\/v2\/media?parent=5285"}],"wp:term":[{"taxonomy":"category","embeddable":true,"href":"https:\/\/ligana104.com.br\/2021\/wp-json\/wp\/v2\/categories?post=5285"},{"taxonomy":"post_tag","embeddable":true,"href":"https:\/\/ligana104.com.br\/2021\/wp-json\/wp\/v2\/tags?post=5285"}],"curies":[{"name":"wp","href":"https:\/\/api.w.org\/{rel}","templated":true}]}}