{"id":5279,"date":"2024-01-25T21:31:07","date_gmt":"2024-01-25T23:31:07","guid":{"rendered":"https:\/\/ligana104.com.br\/2021\/2024\/01\/25\/pf-faz-busca-e-apreensao-na-casa-de-suspeito-de-exploracao-sexual-infantil-em-rondonopolis\/"},"modified":"2024-01-25T21:31:07","modified_gmt":"2024-01-25T23:31:07","slug":"pf-faz-busca-e-apreensao-na-casa-de-suspeito-de-exploracao-sexual-infantil-em-rondonopolis","status":"publish","type":"post","link":"https:\/\/ligana104.com.br\/2021\/2024\/01\/25\/pf-faz-busca-e-apreensao-na-casa-de-suspeito-de-exploracao-sexual-infantil-em-rondonopolis\/","title":{"rendered":"PF faz busca e apreens\u00e3o na casa de suspeito de explora\u00e7\u00e3o sexual infantil em Rondon\u00f3polis"},"content":{"rendered":"<p> <br \/>\n<\/p>\n<div>\n<p data-reader-unique-id=\"6\">A Pol\u00edcia Federal deflagrou nesta quinta-feira (25), a 2\u00aa fase da \u2018Opera\u00e7\u00e3o Protego\u2019, que tem por objetivo combater o armazenamento e a distribui\u00e7\u00e3o de imagens e v\u00eddeos contendo explora\u00e7\u00e3o sexual envolvendo crian\u00e7as e adolescentes. Um mandado de busca e apreens\u00e3o expedido pela Justi\u00e7a Federal foi cumprido em Rondon\u00f3polis-MT.<\/p>\n<p data-reader-unique-id=\"7\">Inicialmente, as investiga\u00e7\u00f5es identificaram que o acusado, de 43 anos, armazenava no celular aproximadamente 178 v\u00eddeos e imagens de conte\u00fado pornogr\u00e1fico, incluindo abuso sexual infantil.<\/p>\n<p data-reader-unique-id=\"8\">Caso seja confirmado o armazenamento, compartilhamento ou venda dos arquivos, o respons\u00e1vel poder\u00e1 responder pelos crimes previstos no Estatuto da Crian\u00e7a e do Adolescente, com penas que, somadas, podem chegar a 12 anos de reclus\u00e3o.<\/p>\n<p data-reader-unique-id=\"16\">O nome da opera\u00e7\u00e3o PROTEGO, termo em latim, que significa \u201cprotetor\u201d, faz alus\u00e3o \u00e0 atua\u00e7\u00e3o da Pol\u00edcia Federal como guardi\u00e3o das crian\u00e7as, combatendo os crimes que assolam a inf\u00e2ncia.<\/p>\n<\/p><\/div>\n<p><br \/>\n<br \/><a href=\"https:\/\/rgtnews.com.br\/destaque\/pf-faz-busca-e-apreensao-na-casa-de-suspeito-de-exploracao-sexual-infantil-em-rondonopolis\/?utm_source=rss&#038;utm_medium=rss&#038;utm_campaign=pf-faz-busca-e-apreensao-na-casa-de-suspeito-de-exploracao-sexual-infantil-em-rondonopolis\">Fonte da Noticia <\/a><\/p>\n","protected":false},"excerpt":{"rendered":"<p>A Pol\u00edcia Federal deflagrou nesta quinta-feira (25), a 2\u00aa fase da \u2018Opera\u00e7\u00e3o Protego\u2019, que tem por objetivo combater o armazenamento e a distribui\u00e7\u00e3o de imagens e v\u00eddeos contendo explora\u00e7\u00e3o sexual envolvendo crian\u00e7as e adolescentes. Um mandado de busca e apreens\u00e3o expedido pela Justi\u00e7a Federal foi cumprido em Rondon\u00f3polis-MT. Inicialmente, as investiga\u00e7\u00f5es identificaram que o acusado, [&hellip;]<\/p>\n","protected":false},"author":1,"featured_media":5280,"comment_status":"closed","ping_status":"closed","sticky":false,"template":"","format":"standard","meta":[],"categories":[1],"tags":[],"_links":{"self":[{"href":"https:\/\/ligana104.com.br\/2021\/wp-json\/wp\/v2\/posts\/5279"}],"collection":[{"href":"https:\/\/ligana104.com.br\/2021\/wp-json\/wp\/v2\/posts"}],"about":[{"href":"https:\/\/ligana104.com.br\/2021\/wp-json\/wp\/v2\/types\/post"}],"author":[{"embeddable":true,"href":"https:\/\/ligana104.com.br\/2021\/wp-json\/wp\/v2\/users\/1"}],"replies":[{"embeddable":true,"href":"https:\/\/ligana104.com.br\/2021\/wp-json\/wp\/v2\/comments?post=5279"}],"version-history":[{"count":1,"href":"https:\/\/ligana104.com.br\/2021\/wp-json\/wp\/v2\/posts\/5279\/revisions"}],"predecessor-version":[{"id":5281,"href":"https:\/\/ligana104.com.br\/2021\/wp-json\/wp\/v2\/posts\/5279\/revisions\/5281"}],"wp:featuredmedia":[{"embeddable":true,"href":"https:\/\/ligana104.com.br\/2021\/wp-json\/wp\/v2\/media\/5280"}],"wp:attachment":[{"href":"https:\/\/ligana104.com.br\/2021\/wp-json\/wp\/v2\/media?parent=5279"}],"wp:term":[{"taxonomy":"category","embeddable":true,"href":"https:\/\/ligana104.com.br\/2021\/wp-json\/wp\/v2\/categories?post=5279"},{"taxonomy":"post_tag","embeddable":true,"href":"https:\/\/ligana104.com.br\/2021\/wp-json\/wp\/v2\/tags?post=5279"}],"curies":[{"name":"wp","href":"https:\/\/api.w.org\/{rel}","templated":true}]}}