{"id":5273,"date":"2024-01-25T19:21:52","date_gmt":"2024-01-25T21:21:52","guid":{"rendered":"https:\/\/ligana104.com.br\/2021\/2024\/01\/25\/creas-se-reune-com-instituicoes-parceiras-para-definir-acoes-para-2024-em-prol-de-mulheres-vitimas-de-violencia-domestica\/"},"modified":"2024-01-25T19:21:53","modified_gmt":"2024-01-25T21:21:53","slug":"creas-se-reune-com-instituicoes-parceiras-para-definir-acoes-para-2024-em-prol-de-mulheres-vitimas-de-violencia-domestica","status":"publish","type":"post","link":"https:\/\/ligana104.com.br\/2021\/2024\/01\/25\/creas-se-reune-com-instituicoes-parceiras-para-definir-acoes-para-2024-em-prol-de-mulheres-vitimas-de-violencia-domestica\/","title":{"rendered":"Creas se re\u00fane com institui\u00e7\u00f5es parceiras para definir a\u00e7\u00f5es para 2024 em prol de mulheres v\u00edtimas de viol\u00eancia dom\u00e9stica"},"content":{"rendered":"<p> <br \/>\n<\/p>\n<div id=\"infocoweb_corpo\">\n<p>  Ofertando um servi\u00e7o de apoio,  orienta\u00e7\u00e3o e acompanhamento a mulheres em situa\u00e7\u00e3o de viola\u00e7\u00e3o  de direitos, o Centro de Refer\u00eancia Especializado de Assist\u00eancia  Social (Creas) se reuniu, na \u00faltima sexta-feira (19), na pr\u00f3pria  unidade, com os policiais da Patrulha Maria da Penha da Pol\u00edcia  Militar (PM), as psic\u00f3logas do Ambulat\u00f3rio de Vigil\u00e2ncia \u00e0s  V\u00edtimas de Viol\u00eancia Dom\u00e9stica (Ambulat\u00f3rio Viva), al\u00e9m do  coordenador do Departamento de Sa\u00fade Mental da Secretaria Municipal  de Sa\u00fade (SMS), o psic\u00f3logo Douglas Vargas, para, juntos, definirem  as diretrizes que v\u00e3o nortear os trabalhos dentro da Rede de  Atendimento \u00e0s V\u00edtimas de Viol\u00eancia Dom\u00e9stica neste ano. No  encontro, foram estruturados o fluxograma e a integra\u00e7\u00e3o do  trabalho dessas equipes e, ainda, apresentados estudos de casos  com  o intuito de aprimorar o atendimento ofertado \u00e0s v\u00edtimas.<\/p>\n<p>  Baseado em diversos eixos, como  aten\u00e7\u00e3o e orienta\u00e7\u00e3o direcionada \u00e0 promo\u00e7\u00e3o de direitos,  preserva\u00e7\u00e3o de v\u00ednculos familiares, comunit\u00e1rios e sociais para o  fortalecimento da fun\u00e7\u00e3o protetiva das fam\u00edlias frente ao conjunto  de condi\u00e7\u00f5es que vulnerabilizam as v\u00edtimas de viol\u00eancia dom\u00e9stica  e as submetem a situa\u00e7\u00f5es de risco pessoal e social, o servi\u00e7o  realizado pelo Creas articula-se com as atividades e aten\u00e7\u00f5es  prestadas \u00e0s fam\u00edlias nos demais servi\u00e7os socioassistenciais, nas  diversas pol\u00edticas p\u00fablicas e com os diversos \u00f3rg\u00e3os do Sistema  de Garantia de Direitos.   <\/p>\n<p>\u201cDesde 2020, todas as medidas  protetivas s\u00e3o encaminhadas ao Creas. S\u00f3 para se ter ideia do  panorama atual, em 2023 foram atendidas na unidade 561 v\u00edtimas de  viol\u00eancia dom\u00e9stica\u201d, informa a coordenadora do Creas, a  assistente social e psicopedagoga M\u00f4nica Gomes. Ela descreve como se  d\u00e1 o acolhimento dessa mulher: \u201cAo recepcionarmos a v\u00edtima,  fazemos, inicialmente, um pr\u00e9-atendimento com o recebimento do  encaminhamento e do contato telef\u00f4nico para agendarmos o  atendimento. Em seguida, ocorre a acolhida, quando temos o contato  inicial com escuta sens\u00edvel, estabelecimento de v\u00ednculo e  apresenta\u00e7\u00e3o do servi\u00e7o. Identificamos as demandas e avaliamos as  necessidades de acompanhamento\u201d.   <\/p>\n<p>  Na sequ\u00eancia, M\u00f4nica conta que  ocorrem os contatos com os atores da rede por meio de liga\u00e7\u00f5es,  of\u00edcios e encaminhamentos. \u201cUma das principais atividades que  prestamos \u00e9 o atendimento psicol\u00f3gico atrav\u00e9s do Ambulat\u00f3rio Viva  e de outros \u00f3rg\u00e3os da Sa\u00fade, como o Centro de Aten\u00e7\u00e3o  Psicossocial e as unidades de sa\u00fade e, ainda, por meio das equipes  de aten\u00e7\u00e3o b\u00e1sica e do Ambulat\u00f3rio de Sa\u00fade Mental, dos Centros  de Refer\u00eancia e Assist\u00eancia Social, da Defensoria P\u00fablica e do  Sistema Nacional de Emprego, entre outras inser\u00e7\u00f5es no mercado de  trabalho\u201d, relata a coordenadora sobre a soma de for\u00e7as para  apoiar a mulher, citando os Caps, Cras e Sine.   <\/p>\n<p>  <b>VIOL\u00caNCIAS VARIADAS<\/b>  <\/p>\n<p>Caracterizada n\u00e3o apenas por  agress\u00f5es f\u00edsicas, mas tamb\u00e9m pela viol\u00eancia simb\u00f3lica, o leque  de ataques que podem ser perpetrados no \u00e2mbito das agress\u00f5es contra  a mulher \u00e9 vasto, de acordo com assistente social: \u201cH\u00e1 v\u00e1rios  tipos de viol\u00eancia al\u00e9m da f\u00edsica. A Lei Maria da Penha, no  cap\u00edtulo II, artigo 7\u00ba, incisos de I a V, especifica as viol\u00eancias  psicol\u00f3gica, moral, sexual e patrimonial. Inclusive, todas essas  formas de viol\u00eancia recebem acolhimento no Creas e devem ser  denunciadas\u201d. Surras e murros s\u00e3o apenas algumas de suas  express\u00f5es. No entanto, gritos, palavr\u00f5es, xingamentos e arremessos  de objetos tipificam a agress\u00e3o contra a mulher, conforme M\u00f4nica.<\/p>\n<p>  Constrangimentos, humilha\u00e7\u00f5es,  chantagens, insultos, ridiculariza\u00e7\u00e3o, gaslighting \u2013 que \u00e9 a  distor\u00e7\u00e3o e omiss\u00e3o de fatos a fim de deixar a pessoa com d\u00favida  sobre sua mem\u00f3ria e sanidade \u2013, manipula\u00e7\u00f5es, manifesta\u00e7\u00f5es de  ju\u00edzos morais sobre a conduta individual, desvaloriza\u00e7\u00e3o do modo  de se vestir e cr\u00edticas mentirosas s\u00e3o algumas pr\u00e1ticas adotadas  pelo agressor. Ma a lista \u00e9 extensa, como detalha a psicopedagoga:  \u201cAmea\u00e7as, torturas, sacudidas, apertos, estrangulamentos,  espancamentos, estupro, exig\u00eancia de ato sexual que cause  desconforto ou repulsa, assim como de realiza\u00e7\u00e3o de aborto s\u00e3o  outras atitudes emblem\u00e1ticas da viol\u00eancia contra a mulher\u201d.   <\/p>\n<p>  E tem mais.  Retirada ou danos propositais a objetos da mulher ou coisas de que  ela goste, estelionato, controle do dinheiro, inadimpl\u00eancia de  pens\u00e3o aliment\u00edcia, destrui\u00e7\u00e3o de documentos pessoais, furto e  extors\u00e3o s\u00e3o outras entre as in\u00fameras maneiras utilizadas pelo  agressor para vilipendiar a v\u00edtima causando preju\u00edzos psicol\u00f3gicos,  emocionais e sociais a ela. \u201cCom esses abusos, as mulheres, ao  chegarem ao Creas, se encontram fragilizadas, com medo, machucadas,  enfim, com seus direitos violados. \u00c9 importante ressaltarmos que  todos esses tipos de viol\u00eancia podem ser denunciadas e recebem  acolhimento no Creas. E que n\u00e3o existe um perfil de v\u00edtima.  Qualquer mulher, independente de caracter\u00edsticas f\u00edsicas ou classe  social, pode ser alvo desse tipo de viol\u00eancia. E o Creas recebe e  presta apoio com seus servi\u00e7os a todas elas\u201d, pontua a  coordenadora.   <\/p>\n<p>  Pedir desculpas, de acordo  com a assistente  social, \u00e9  mais uma estrat\u00e9gia adotada pelo agressor para reincidir nos  atos violentos, ludibriando a v\u00edtima que, ao dar mais uma chance de  aproxima\u00e7\u00e3o, permite que os danos se repitam. Assim, ele estabelece  com a mulher o ciclo da viol\u00eancia, impedindo que ela se liberte do  seu raio de a\u00e7\u00e3o.   <\/p>\n<p>  <b>PROTE\u00c7\u00c3O<\/b><\/p>\n<p>Essas condutas perversas n\u00e3o s\u00e3o  exclusivas do companheiro da mulher. \u201cRecebemos medidas protetivas  de v\u00edtimas que sofrem viol\u00eancia dos filhos, irm\u00e3os, tios, pai.  Vale ressaltar que idosas tamb\u00e9m t\u00eam sofrido viol\u00eancia dom\u00e9stica  e, na maioria das vezes, cometida pelos pr\u00f3prios filhos\u201d, relata  M\u00f4nica. A assistente social ainda enfatiza que as ofensivas podem  ocorrer em qualquer lugar, e n\u00e3o apenas em casa, mas em faculdades,  no ambiente de trabalho e em outros locais p\u00fablicos: \u201cA viol\u00eancia  vai onde o agressor for. Est\u00e1 junto dele, infelizmente. Ent\u00e3o, a  seguran\u00e7a da v\u00edtima \u00e9 ter o agressor distante dela. Por isso a  medida protetiva \u00e9 de extrema import\u00e2ncia, j\u00e1 que \u00e9 ela que vai  proteger a mulher e impedir a presen\u00e7a dele\u201d.<\/p>\n<p>  Ao participar das pr\u00e1ticas  disponibilizadas pelo Creas, segundo M\u00f4nica, as usu\u00e1rias conseguem  preservar ou, se foi muito ultrajada, recuperar sua autonomia, romper  padr\u00f5es violadores de direitos no interior da fam\u00edlia, reparar  danos decorrentes dos abusos sofridos e prevenir o retorno das  transgress\u00f5es contra si. Assim, ela indica que, diante de alguma  viol\u00eancia, a mulher denuncie e requeira a medida protetiva.   <\/p>\n<p>\u201cPara denunciar \u00e9 preciso se  dirigir \u00e0 Delegacia da Mulher ou ligar para o 180\u201d, orienta a  psicopedagoga sobre a Central de Atendimento \u00e0 Mulher para a qual a  v\u00edtima pode telefonar independente do hor\u00e1rio, j\u00e1 que funciona  ininterruptamente por 24 horas. Ela ainda discorre: \u201cN\u00e3o \u00e9 apenas  a v\u00edtima quem pode denunciar. Pessoas que tenham ci\u00eancia da  agress\u00e3o tamb\u00e9m podem fazer a den\u00fancia, tanto na delegacia quanto  no Disque 180. Basta que narre o que sabe. O anonimato \u00e9 garantido  ao denunciante. J\u00e1 a medida protetiva deve ser solicitada  exclusivamente pela mulher\u201d.  <\/p>\n<p id=\"infocoweb_fonte\" class=\"infocoweb_fonte\">Fonte: <a target=\"_blank\" href=\"http:\/\/www.rondonopolis.mt.gov.br\/noticias\/creas-se-reune-com-instituicoes-parceiras-para-definir-acoes-para-2024-em-prol-de-mulheres-vitimas-de-violencia-domestica\/#b57a0f26-13c6-4d05-8de2-e22a1faa941f\" rel=\"noopener\">Prefeitura de Rondon\u00f3polis \u2013 MT<\/a><\/p>\n<\/div>\n<p><br \/>\n<br \/><a href=\"https:\/\/nmt.com.br\/2024\/01\/25\/creas-se-reune-com-instituicoes-parceiras-para-definir-acoes-para-2024-em-prol-de-mulheres-vitimas-de-violencia-domestica\/\">Fonte da Noticia <\/a><\/p>\n","protected":false},"excerpt":{"rendered":"<p>Ofertando um servi\u00e7o de apoio, orienta\u00e7\u00e3o e acompanhamento a mulheres em situa\u00e7\u00e3o de viola\u00e7\u00e3o de direitos, o Centro de Refer\u00eancia Especializado de Assist\u00eancia Social (Creas) se reuniu, na \u00faltima sexta-feira (19), na pr\u00f3pria unidade, com os policiais da Patrulha Maria da Penha da Pol\u00edcia Militar (PM), as psic\u00f3logas do Ambulat\u00f3rio de Vigil\u00e2ncia \u00e0s V\u00edtimas de [&hellip;]<\/p>\n","protected":false},"author":1,"featured_media":5274,"comment_status":"closed","ping_status":"closed","sticky":false,"template":"","format":"standard","meta":[],"categories":[1],"tags":[],"_links":{"self":[{"href":"https:\/\/ligana104.com.br\/2021\/wp-json\/wp\/v2\/posts\/5273"}],"collection":[{"href":"https:\/\/ligana104.com.br\/2021\/wp-json\/wp\/v2\/posts"}],"about":[{"href":"https:\/\/ligana104.com.br\/2021\/wp-json\/wp\/v2\/types\/post"}],"author":[{"embeddable":true,"href":"https:\/\/ligana104.com.br\/2021\/wp-json\/wp\/v2\/users\/1"}],"replies":[{"embeddable":true,"href":"https:\/\/ligana104.com.br\/2021\/wp-json\/wp\/v2\/comments?post=5273"}],"version-history":[{"count":1,"href":"https:\/\/ligana104.com.br\/2021\/wp-json\/wp\/v2\/posts\/5273\/revisions"}],"predecessor-version":[{"id":5275,"href":"https:\/\/ligana104.com.br\/2021\/wp-json\/wp\/v2\/posts\/5273\/revisions\/5275"}],"wp:featuredmedia":[{"embeddable":true,"href":"https:\/\/ligana104.com.br\/2021\/wp-json\/wp\/v2\/media\/5274"}],"wp:attachment":[{"href":"https:\/\/ligana104.com.br\/2021\/wp-json\/wp\/v2\/media?parent=5273"}],"wp:term":[{"taxonomy":"category","embeddable":true,"href":"https:\/\/ligana104.com.br\/2021\/wp-json\/wp\/v2\/categories?post=5273"},{"taxonomy":"post_tag","embeddable":true,"href":"https:\/\/ligana104.com.br\/2021\/wp-json\/wp\/v2\/tags?post=5273"}],"curies":[{"name":"wp","href":"https:\/\/api.w.org\/{rel}","templated":true}]}}