{"id":5264,"date":"2024-01-25T16:10:57","date_gmt":"2024-01-25T18:10:57","guid":{"rendered":"https:\/\/ligana104.com.br\/2021\/2024\/01\/25\/forcas-policiais-estao-na-cola-de-homem-que-assassinou-sargento-em-mt\/"},"modified":"2024-01-25T16:10:58","modified_gmt":"2024-01-25T18:10:58","slug":"forcas-policiais-estao-na-cola-de-homem-que-assassinou-sargento-em-mt","status":"publish","type":"post","link":"https:\/\/ligana104.com.br\/2021\/2024\/01\/25\/forcas-policiais-estao-na-cola-de-homem-que-assassinou-sargento-em-mt\/","title":{"rendered":"For\u00e7as policiais est\u00e3o na `cola\u00b4 de homem que assassinou sargento em MT"},"content":{"rendered":"<p> <br \/>\n<\/p>\n<div data-id=\"16dae40\" data-element_type=\"widget\" data-widget_type=\"theme-post-content.default\">\n<div class=\"elementor-widget-container\">\n<p>As equipes da Pol\u00edcia Civil e Pol\u00edcia Militar em trabalho conjunto identificaram e procuram por um dos autores do homic\u00eddio que vitimou o sargento, Djalma Aparecido da Silva, de 47 anos, ocorrido na \u00faltima segunda-feira (22.01), no munic\u00edpio de Pedra Preta (238 km ao sul de Cuiab\u00e1).<\/p>\n<p>Um dos autores do crime, identificado como Paulo Ricardo da Silva Ferreira, est\u00e1 com o mandado de pris\u00e3o tempor\u00e1ria decretado pela Vara \u00danica de Pedra Preta e \u00e9 procurado pelas equipes da Pol\u00edcia Civil e Militar.<\/p>\n<p>O policial militar foi alvejado por v\u00e1rios disparos de arma de fogo, enquanto caminhava na cal\u00e7ada do centro de eventos da cidade, n\u00e3o resistindo aos ferimentos e vindo a \u00f3bito no local. O militar prestava servi\u00e7o nas cidades de Alto Gar\u00e7as e Alto Taquari, mas residia com a fam\u00edlia em Pedra Preta.<\/p>\n<p>As investiga\u00e7\u00f5es apontaram que os autores do disparos estavam em um ve\u00edculo Renault Sandero, que posteriormente foi localizado parcialmente queimado, no bairro Monte Orebe. Dentro do ve\u00edculo foram encontrados alguns documentos que levaram \u00e0 identifica\u00e7\u00e3o do suspeito de participa\u00e7\u00e3o no crime.<\/p>\n<p>Com base na informa\u00e7\u00e3o, foram realizadas outras dilig\u00eancias que confirmaram o envolvimento do suspeito no crime, tendo a Pol\u00edcia Civil representado pelo mandado de pris\u00e3o tempor\u00e1ria, que foi deferido pela Justi\u00e7a. Policiais realizaram dilig\u00eancias em uma resid\u00eancia em Rondon\u00f3polis, onde o procurado estaria escondido, por\u00e9m, ele j\u00e1 havia fugido do local.<\/p>\n<p>As dilig\u00eancias est\u00e3o em andamento para prender o suspeito, que tem uma arma registrada em seu nome e \u00e9 considerado de alta periculosidade. Qualquer informa\u00e7\u00e3o que possa colaborar com a investiga\u00e7\u00e3o pode ser feita aos n\u00fameros 190 e 197. As den\u00fancias s\u00e3o an\u00f4nimas e sigilosas.<\/p>\n<\/p><\/div><\/div>\n<p><br \/>\n<br \/><a href=\"https:\/\/rgtnews.com.br\/destaque\/forcas-policiais-estao-na-cola-de-homem-que-assassinou-sargento-em-mt\/?utm_source=rss&#038;utm_medium=rss&#038;utm_campaign=forcas-policiais-estao-na-cola-de-homem-que-assassinou-sargento-em-mt\">Fonte da Noticia <\/a><\/p>\n","protected":false},"excerpt":{"rendered":"<p>As equipes da Pol\u00edcia Civil e Pol\u00edcia Militar em trabalho conjunto identificaram e procuram por um dos autores do homic\u00eddio que vitimou o sargento, Djalma Aparecido da Silva, de 47 anos, ocorrido na \u00faltima segunda-feira (22.01), no munic\u00edpio de Pedra Preta (238 km ao sul de Cuiab\u00e1). Um dos autores do crime, identificado como Paulo [&hellip;]<\/p>\n","protected":false},"author":1,"featured_media":5265,"comment_status":"closed","ping_status":"closed","sticky":false,"template":"","format":"standard","meta":[],"categories":[1],"tags":[],"_links":{"self":[{"href":"https:\/\/ligana104.com.br\/2021\/wp-json\/wp\/v2\/posts\/5264"}],"collection":[{"href":"https:\/\/ligana104.com.br\/2021\/wp-json\/wp\/v2\/posts"}],"about":[{"href":"https:\/\/ligana104.com.br\/2021\/wp-json\/wp\/v2\/types\/post"}],"author":[{"embeddable":true,"href":"https:\/\/ligana104.com.br\/2021\/wp-json\/wp\/v2\/users\/1"}],"replies":[{"embeddable":true,"href":"https:\/\/ligana104.com.br\/2021\/wp-json\/wp\/v2\/comments?post=5264"}],"version-history":[{"count":1,"href":"https:\/\/ligana104.com.br\/2021\/wp-json\/wp\/v2\/posts\/5264\/revisions"}],"predecessor-version":[{"id":5266,"href":"https:\/\/ligana104.com.br\/2021\/wp-json\/wp\/v2\/posts\/5264\/revisions\/5266"}],"wp:featuredmedia":[{"embeddable":true,"href":"https:\/\/ligana104.com.br\/2021\/wp-json\/wp\/v2\/media\/5265"}],"wp:attachment":[{"href":"https:\/\/ligana104.com.br\/2021\/wp-json\/wp\/v2\/media?parent=5264"}],"wp:term":[{"taxonomy":"category","embeddable":true,"href":"https:\/\/ligana104.com.br\/2021\/wp-json\/wp\/v2\/categories?post=5264"},{"taxonomy":"post_tag","embeddable":true,"href":"https:\/\/ligana104.com.br\/2021\/wp-json\/wp\/v2\/tags?post=5264"}],"curies":[{"name":"wp","href":"https:\/\/api.w.org\/{rel}","templated":true}]}}