{"id":5261,"date":"2024-01-25T15:07:10","date_gmt":"2024-01-25T17:07:10","guid":{"rendered":"https:\/\/ligana104.com.br\/2021\/2024\/01\/25\/membros-de-faccao-sao-presos-por-matar-rival-e-enterrar-corpo-em-cova-rasa-em-mt\/"},"modified":"2024-01-25T15:07:11","modified_gmt":"2024-01-25T17:07:11","slug":"membros-de-faccao-sao-presos-por-matar-rival-e-enterrar-corpo-em-cova-rasa-em-mt","status":"publish","type":"post","link":"https:\/\/ligana104.com.br\/2021\/2024\/01\/25\/membros-de-faccao-sao-presos-por-matar-rival-e-enterrar-corpo-em-cova-rasa-em-mt\/","title":{"rendered":"Membros de fac\u00e7\u00e3o s\u00e3o presos por matar rival e enterrar corpo em cova rasa em MT"},"content":{"rendered":"<p> <br \/>\n<\/p>\n<div>\n<p align=\"justify\">A Pol\u00edcia Civil cumpriu seis mandados judiciais foram cumpridos na Opera\u00e7\u00e3o \u201cCova Rasa\u201d, deflagrada para desarticular uma organiza\u00e7\u00e3o criminosa, respons\u00e1vel pelo homic\u00eddio e oculta\u00e7\u00e3o de cad\u00e1ver de um menor de idade, no munic\u00edpio de C\u00e1ceres (225 km a oeste de Cuiab\u00e1).<\/p>\n<p>Durante os dois dias de trabalho operacional, ter\u00e7a-feira (23.01) e quarta-feira (24.01), foram cumpridos dois mandados de pris\u00e3o preventiva e quatro mandados de busca e apreens\u00e3o domiciliar.<\/p>\n<p>Conforme informa\u00e7\u00f5es, na cidade de C\u00e1ceres os policiais civis da 1\u00aa Delegacia de Pol\u00edcia efetuaram a pris\u00e3o de uma mulher. J\u00e1 o segundo alvo foi preso pela equipe da Delegacia de Estelionato de Cuiab\u00e1, na cidade de V\u00e1rzea Grande.<\/p>\n<p>Ao ser preso em V\u00e1rzea Grande, o homem assumiu a autoria do homic\u00eddio do adolescente\u00a0Iago Ot\u00e1vio Peixoto, de 16 anos, praticado por ordem da organiza\u00e7\u00e3o criminosa investigada.<\/p>\n<p>Segundo ele, a v\u00edtima foi executada por vender drogas para outra fac\u00e7\u00e3o, e postar fotos usando roupas com o s\u00edmbolo \u201cyin-yang\u201d,\u00a0fazendo sinais com as m\u00e3os que representam a fac\u00e7\u00e3o criminosa rival.<\/p>\n<p>Conforme o delegado que coordena a investiga\u00e7\u00e3o, Marlon Nogueira, a dupla presa ser\u00e1 indiciada pelos crimes de homic\u00eddio qualificado, oculta\u00e7\u00e3o de cad\u00e1ver e participa\u00e7\u00e3o em organiza\u00e7\u00e3o criminosa.<\/p>\n<p>\u201cAs dilig\u00eancias continuam para identificar outros poss\u00edveis envolvidos e esclarecer completamente as circunst\u00e2ncias do crime\u201d, destacou o delegado.<\/p>\n<h2><strong>O crime<\/strong><\/h2>\n<p>No dia 09 de janeiro, a 1\u00aa Delegacia de Pol\u00edcia de C\u00e1ceres foi comunicada sobre o desaparecimento do menor Iago Ot\u00e1vio Peixoto, de 16 anos.<\/p>\n<p>Durante investiga\u00e7\u00e3o para apurar a ocorr\u00eancia, foi descoberto que a v\u00edtima havia sido executada por integrantes de uma organiza\u00e7\u00e3o criminosa.<\/p>\n<p>A Pol\u00edcia Civil identificou os autores do crime, bem como localizou parte do corpo da v\u00edtima enterrado em um terreno.<\/p>\n<\/div>\n<p><br \/>\n<br \/><a href=\"https:\/\/rgtnews.com.br\/destaque\/membros-de-faccao-sao-presos-por-matar-rival-e-enterrar-em-cova-rasa-em-mt\/?utm_source=rss&#038;utm_medium=rss&#038;utm_campaign=membros-de-faccao-sao-presos-por-matar-rival-e-enterrar-em-cova-rasa-em-mt\">Fonte da Noticia <\/a><\/p>\n","protected":false},"excerpt":{"rendered":"<p>A Pol\u00edcia Civil cumpriu seis mandados judiciais foram cumpridos na Opera\u00e7\u00e3o \u201cCova Rasa\u201d, deflagrada para desarticular uma organiza\u00e7\u00e3o criminosa, respons\u00e1vel pelo homic\u00eddio e oculta\u00e7\u00e3o de cad\u00e1ver de um menor de idade, no munic\u00edpio de C\u00e1ceres (225 km a oeste de Cuiab\u00e1). Durante os dois dias de trabalho operacional, ter\u00e7a-feira (23.01) e quarta-feira (24.01), foram cumpridos [&hellip;]<\/p>\n","protected":false},"author":1,"featured_media":5262,"comment_status":"closed","ping_status":"closed","sticky":false,"template":"","format":"standard","meta":[],"categories":[1],"tags":[],"_links":{"self":[{"href":"https:\/\/ligana104.com.br\/2021\/wp-json\/wp\/v2\/posts\/5261"}],"collection":[{"href":"https:\/\/ligana104.com.br\/2021\/wp-json\/wp\/v2\/posts"}],"about":[{"href":"https:\/\/ligana104.com.br\/2021\/wp-json\/wp\/v2\/types\/post"}],"author":[{"embeddable":true,"href":"https:\/\/ligana104.com.br\/2021\/wp-json\/wp\/v2\/users\/1"}],"replies":[{"embeddable":true,"href":"https:\/\/ligana104.com.br\/2021\/wp-json\/wp\/v2\/comments?post=5261"}],"version-history":[{"count":1,"href":"https:\/\/ligana104.com.br\/2021\/wp-json\/wp\/v2\/posts\/5261\/revisions"}],"predecessor-version":[{"id":5263,"href":"https:\/\/ligana104.com.br\/2021\/wp-json\/wp\/v2\/posts\/5261\/revisions\/5263"}],"wp:featuredmedia":[{"embeddable":true,"href":"https:\/\/ligana104.com.br\/2021\/wp-json\/wp\/v2\/media\/5262"}],"wp:attachment":[{"href":"https:\/\/ligana104.com.br\/2021\/wp-json\/wp\/v2\/media?parent=5261"}],"wp:term":[{"taxonomy":"category","embeddable":true,"href":"https:\/\/ligana104.com.br\/2021\/wp-json\/wp\/v2\/categories?post=5261"},{"taxonomy":"post_tag","embeddable":true,"href":"https:\/\/ligana104.com.br\/2021\/wp-json\/wp\/v2\/tags?post=5261"}],"curies":[{"name":"wp","href":"https:\/\/api.w.org\/{rel}","templated":true}]}}