{"id":5258,"date":"2024-01-25T13:57:29","date_gmt":"2024-01-25T15:57:29","guid":{"rendered":"https:\/\/ligana104.com.br\/2021\/2024\/01\/25\/brazao-nega-vinculo-com-jair-bolsonaro-e-critica-jornalista\/"},"modified":"2024-01-25T13:57:30","modified_gmt":"2024-01-25T15:57:30","slug":"brazao-nega-vinculo-com-jair-bolsonaro-e-critica-jornalista","status":"publish","type":"post","link":"https:\/\/ligana104.com.br\/2021\/2024\/01\/25\/brazao-nega-vinculo-com-jair-bolsonaro-e-critica-jornalista\/","title":{"rendered":"Braz\u00e3o nega v\u00ednculo com Jair Bolsonaro e critica jornalista"},"content":{"rendered":"<p> <br \/>\n<\/p>\n<p>Em entrevista ao portal UOL nesta quarta-feira (24), Domingos Braz\u00e3o, conselheiro do Tribunal de Contas do Estado do Rio de Janeiro (TCE-RJ), reiterou sua nega\u00e7\u00e3o de qualquer liga\u00e7\u00e3o com os assassinatos da ex-vereadora Marielle Franco e do motorista Anderson Gomes, ocorridos em mar\u00e7o de 2018. Braz\u00e3o tamb\u00e9m afastou as associa\u00e7\u00f5es feitas entre ele e o ex-presidente Jair Bolsonaro (PL).<\/p>\n<p>Quando o jornalista questionou sobre o irm\u00e3o de Domingos, Chiquinho Braz\u00e3o, ter um passaporte diplom\u00e1tico emitido em 2019, documento tamb\u00e9m oferecido para esposa e filhos, o acusado se manifestou e disse que o profissional da imprensa n\u00e3o pode confundir seus ouvintes, pois todos os deputados federais e suas fam\u00edlias t\u00eam direito ao passaporte.<\/p>\n<p>\u2013 A fam\u00edlia inteira dos 513 deputados federais tem direito ao passaporte. N\u00e3o \u00e9 o Bolsonaro que d\u00e1, \u00e9 a prerrogativa de deputado federal \u2013 disse ele no come\u00e7o da resposta.<\/p>\n<p>O conselheiro explicou seu hist\u00f3rico pol\u00edtico como vereador e, depois, deputado estadual, dizendo que teve mandatos durante o mesmo per\u00edodo de integrantes da fam\u00edlia Bolsonaro.<\/p>\n<p>\u2013 Fui vereador com a Rog\u00e9ria Bolsonaro [ex-mulher de Jair Bolsonaro], depois fui deputado por alguns anos, depois chegou o Fl\u00e1vio Bolsonaro. Conhe\u00e7o o presidente Bolsonaro. N\u00e3o sou pr\u00f3ximo do presidente, nem politicamente aliado a ele, mas conhe\u00e7o a sua fam\u00edlia \u2013 disse.<\/p>\n<p><strong>Assista:<\/strong><\/p>\n<blockquote class=\"twitter-tweet\" data-width=\"550\" data-dnt=\"true\">\n<p lang=\"pt\" dir=\"ltr\">N\u00e3o conhecia Marielle nem o Anderson, diz Domingos Braz\u00e3o<\/p>\n<p>\ud83d\udde3\ufe0f &quot;Em rela\u00e7\u00e3o ao \u00c9lcio e o Ronnie Lessa, tamb\u00e9m n\u00e3o os conhecia. J\u00e1 n\u00e3o estava mais na atividade pol\u00edtica de rua. N\u00e3o posso nem garantir se de fato existe algum tipo de dela\u00e7\u00e3o que possa envolver meu nome. Jamais tive\u2026 <a href=\"https:\/\/t.co\/CRMxdPghy5\">pic.twitter.com\/CRMxdPghy5<\/a><\/p>\n<p>&mdash; UOL Not\u00edcias (@UOLNoticias) <a href=\"https:\/\/twitter.com\/UOLNoticias\/status\/1750185053580071348?ref_src=twsrc%5Etfw\">January 24, 2024<\/a><\/p>\n<\/blockquote>\n<p><script async src=\"https:\/\/platform.twitter.com\/widgets.js\" charset=\"utf-8\"><\/script><br \/>\n<br \/><br \/>\n<br \/><a href=\"https:\/\/rgtnews.com.br\/noticias\/politica\/brazao-nega-vinculo-com-jair-bolsonaro-e-critica-jornalista\/?utm_source=rss&#038;utm_medium=rss&#038;utm_campaign=brazao-nega-vinculo-com-jair-bolsonaro-e-critica-jornalista\">Fonte da Noticia <\/a><\/p>\n","protected":false},"excerpt":{"rendered":"<p>Em entrevista ao portal UOL nesta quarta-feira (24), Domingos Braz\u00e3o, conselheiro do Tribunal de Contas do Estado do Rio de Janeiro (TCE-RJ), reiterou sua nega\u00e7\u00e3o de qualquer liga\u00e7\u00e3o com os assassinatos da ex-vereadora Marielle Franco e do motorista Anderson Gomes, ocorridos em mar\u00e7o de 2018. Braz\u00e3o tamb\u00e9m afastou as associa\u00e7\u00f5es feitas entre ele e o [&hellip;]<\/p>\n","protected":false},"author":1,"featured_media":5259,"comment_status":"closed","ping_status":"closed","sticky":false,"template":"","format":"standard","meta":[],"categories":[1],"tags":[],"_links":{"self":[{"href":"https:\/\/ligana104.com.br\/2021\/wp-json\/wp\/v2\/posts\/5258"}],"collection":[{"href":"https:\/\/ligana104.com.br\/2021\/wp-json\/wp\/v2\/posts"}],"about":[{"href":"https:\/\/ligana104.com.br\/2021\/wp-json\/wp\/v2\/types\/post"}],"author":[{"embeddable":true,"href":"https:\/\/ligana104.com.br\/2021\/wp-json\/wp\/v2\/users\/1"}],"replies":[{"embeddable":true,"href":"https:\/\/ligana104.com.br\/2021\/wp-json\/wp\/v2\/comments?post=5258"}],"version-history":[{"count":1,"href":"https:\/\/ligana104.com.br\/2021\/wp-json\/wp\/v2\/posts\/5258\/revisions"}],"predecessor-version":[{"id":5260,"href":"https:\/\/ligana104.com.br\/2021\/wp-json\/wp\/v2\/posts\/5258\/revisions\/5260"}],"wp:featuredmedia":[{"embeddable":true,"href":"https:\/\/ligana104.com.br\/2021\/wp-json\/wp\/v2\/media\/5259"}],"wp:attachment":[{"href":"https:\/\/ligana104.com.br\/2021\/wp-json\/wp\/v2\/media?parent=5258"}],"wp:term":[{"taxonomy":"category","embeddable":true,"href":"https:\/\/ligana104.com.br\/2021\/wp-json\/wp\/v2\/categories?post=5258"},{"taxonomy":"post_tag","embeddable":true,"href":"https:\/\/ligana104.com.br\/2021\/wp-json\/wp\/v2\/tags?post=5258"}],"curies":[{"name":"wp","href":"https:\/\/api.w.org\/{rel}","templated":true}]}}