{"id":5255,"date":"2024-01-25T12:47:56","date_gmt":"2024-01-25T14:47:56","guid":{"rendered":"https:\/\/ligana104.com.br\/2021\/2024\/01\/25\/fabio-destina-r-2-milhoes-para-implantacao-do-cnh-social\/"},"modified":"2024-01-25T12:47:58","modified_gmt":"2024-01-25T14:47:58","slug":"fabio-destina-r-2-milhoes-para-implantacao-do-cnh-social","status":"publish","type":"post","link":"https:\/\/ligana104.com.br\/2021\/2024\/01\/25\/fabio-destina-r-2-milhoes-para-implantacao-do-cnh-social\/","title":{"rendered":"Fabio destina R$ 2 milh\u00f5es para implanta\u00e7\u00e3o do CNH Social"},"content":{"rendered":"<p> <br \/>\n<\/p>\n<div>\n<div class=\"td-post-featured-image\"><\/div>\n<p>Deputado federal licenciado, o chefe da Casa Civil, Fabio Garcia (Uni\u00e3o), destinou R$ 2 milh\u00f5es em emendas parlamentares para a implementa\u00e7\u00e3o do novo programa CNH Social, lan\u00e7ado nesta quarta-feira (24.01) pelo governador Mauro Mendes (Uni\u00e3o). O programa vai beneficiar aproximadamente 10 mil pessoas a conquistar a primeira Carteira Nacional de Habilita\u00e7\u00e3o (CNH).<\/p>\n<p>Garcia destacou que os recursos destinados por ele s\u00e3o uma forma de contribuir para que o programa possa ser implementado e atender os mato-grossenses, dando a estas pessoas condi\u00e7\u00f5es de, por exemplo, conquistarem empregos de qualidade.<\/p>\n<p>\u201cHoje esse projeto sai do papel para beneficiar muitos mato-grossenses em situa\u00e7\u00e3o de vulnerabilidade. N\u00e3o tenho d\u00favida alguma que com a CNH social podemos fazer aquilo que \u00e9 mais importante para essas pessoas, oferecer uma oportunidade. O melhor programa social que podemos fazer \u00e9 oferecer emprego de qualidade\u201d, afirmou.<\/p>\n<p>Na mesma linha, Mendes salientou que um programa como o CNH Social faz com que o Poder P\u00fablico cumpra seu papel, mas s\u00f3 \u00e9 poss\u00edvel porque o Governo do Estado, ano ap\u00f3s ano, tem se esfor\u00e7ado para fazer com que o gasto p\u00fablico ocorra com efici\u00eancia. \u201cO estado tem muitas obriga\u00e7\u00f5es, muitos deveres, mas essencialmente ele precisa produzir o bem comum e um resultado melhor para a sociedade\u201d.<\/p>\n<p>O projeto da CNH Social foi criado com base na lei apresentada pelo deputado estadual Cl\u00e1udio Ferreira (PL), que ir\u00e1 destinar R$ 6 milh\u00f5es em emendas para o programa. Somado aos recursos dos dois parlamentares, o Governo de Mato Grosso ir\u00e1 alocar outros R$ 10 milh\u00f5es. Ferreira fez quest\u00e3o de agradecer Fabio por sua atua\u00e7\u00e3o neste projeto.<\/p>\n<p>\u201cQuero agradecer ao chefe da Casa Civil, que nos ajudou muito nas articula\u00e7\u00f5es. Esse projeto pode mudar a hist\u00f3ria de muitas pessoas, que, por meio da CNH, podem ser introduzidas ao mercado de trabalho\u201d, finalizou.<\/p>\n<p>O programa garante a isen\u00e7\u00e3o de taxas e custeio da CNH, como curso te\u00f3rico, aulas pr\u00e1ticas e exames. Podem se inscrever para receber as isen\u00e7\u00f5es pessoas acima de 18 anos, que sabem ler e escrever, que moram em Mato Grosso h\u00e1 mais de um ano e que est\u00e3o inscritas no Cadastro \u00danico (Cad\u00danico), do Governo Federal.<\/p>\n<p>\u00a0<\/p>\n<p>\u00a0<\/p>\n<\/p><\/div>\n<p><br \/>\n<br \/><a href=\"https:\/\/nmt.com.br\/2024\/01\/25\/fabio-destina-r-2-milhoes-para-implantacao-do-cnh-social\/\">Fonte da Noticia <\/a><\/p>\n","protected":false},"excerpt":{"rendered":"<p>Deputado federal licenciado, o chefe da Casa Civil, Fabio Garcia (Uni\u00e3o), destinou R$ 2 milh\u00f5es em emendas parlamentares para a implementa\u00e7\u00e3o do novo programa CNH Social, lan\u00e7ado nesta quarta-feira (24.01) pelo governador Mauro Mendes (Uni\u00e3o). O programa vai beneficiar aproximadamente 10 mil pessoas a conquistar a primeira Carteira Nacional de Habilita\u00e7\u00e3o (CNH). Garcia destacou que [&hellip;]<\/p>\n","protected":false},"author":1,"featured_media":5256,"comment_status":"closed","ping_status":"closed","sticky":false,"template":"","format":"standard","meta":[],"categories":[1],"tags":[],"_links":{"self":[{"href":"https:\/\/ligana104.com.br\/2021\/wp-json\/wp\/v2\/posts\/5255"}],"collection":[{"href":"https:\/\/ligana104.com.br\/2021\/wp-json\/wp\/v2\/posts"}],"about":[{"href":"https:\/\/ligana104.com.br\/2021\/wp-json\/wp\/v2\/types\/post"}],"author":[{"embeddable":true,"href":"https:\/\/ligana104.com.br\/2021\/wp-json\/wp\/v2\/users\/1"}],"replies":[{"embeddable":true,"href":"https:\/\/ligana104.com.br\/2021\/wp-json\/wp\/v2\/comments?post=5255"}],"version-history":[{"count":1,"href":"https:\/\/ligana104.com.br\/2021\/wp-json\/wp\/v2\/posts\/5255\/revisions"}],"predecessor-version":[{"id":5257,"href":"https:\/\/ligana104.com.br\/2021\/wp-json\/wp\/v2\/posts\/5255\/revisions\/5257"}],"wp:featuredmedia":[{"embeddable":true,"href":"https:\/\/ligana104.com.br\/2021\/wp-json\/wp\/v2\/media\/5256"}],"wp:attachment":[{"href":"https:\/\/ligana104.com.br\/2021\/wp-json\/wp\/v2\/media?parent=5255"}],"wp:term":[{"taxonomy":"category","embeddable":true,"href":"https:\/\/ligana104.com.br\/2021\/wp-json\/wp\/v2\/categories?post=5255"},{"taxonomy":"post_tag","embeddable":true,"href":"https:\/\/ligana104.com.br\/2021\/wp-json\/wp\/v2\/tags?post=5255"}],"curies":[{"name":"wp","href":"https:\/\/api.w.org\/{rel}","templated":true}]}}