{"id":5249,"date":"2024-01-25T10:43:39","date_gmt":"2024-01-25T12:43:39","guid":{"rendered":"https:\/\/ligana104.com.br\/2021\/2024\/01\/25\/junior-mendonca-da-um-prazo-de-12-horas-para-prefeitura-resolver-o-problema-de-falta-de-combustivel\/"},"modified":"2024-01-25T10:43:39","modified_gmt":"2024-01-25T12:43:39","slug":"junior-mendonca-da-um-prazo-de-12-horas-para-prefeitura-resolver-o-problema-de-falta-de-combustivel","status":"publish","type":"post","link":"https:\/\/ligana104.com.br\/2021\/2024\/01\/25\/junior-mendonca-da-um-prazo-de-12-horas-para-prefeitura-resolver-o-problema-de-falta-de-combustivel\/","title":{"rendered":"J\u00fanior Mendon\u00e7a d\u00e1 um prazo de 12 horas para prefeitura resolver o problema de falta de combust\u00edvel"},"content":{"rendered":"<p> <br \/>\n<\/p>\n<div id=\"post-92518\">\n<div class=\"td-post-content td-pb-padding-side\">\n<div class=\"td-post-featured-image\"><\/div>\n<p>O presidente da C\u00e2mara Municipal de Rondon\u00f3polis, J\u00fanior Mendon\u00e7a, deu um ultimato ao prefeito Jos\u00e9 Carlos do P\u00e1tio durante a sess\u00e3o desta quarta-feira (24).<\/p>\n<p>\u201cSe n\u00e3o resolver o problema do transporte dos pacientes de nefrologia que fazem o tratamento em Cuiab\u00e1 a pauta da prefeitura est\u00e1 trancada na C\u00e2mara\u201d.<\/p>\n<p>A medida adotada por J\u00fanior Mendon\u00e7a se deu frente aos in\u00fameros casos de reclama\u00e7\u00f5es que chegaram at\u00e9 seu conhecimento dando conta de que, os pacientes que precisam ir at\u00e9 a capital do Estado n\u00e3o est\u00e3o conseguindo, porque segundo informa\u00e7\u00f5es, a conta do posto de combust\u00edvel n\u00e3o foi paga pela prefeitura e o fornecimento foi cortado.<\/p>\n<p>Assim, nenhum ve\u00edculo oficial do munic\u00edpio est\u00e1 sendo abastecido, bem como os \u00f4nibus que fazem o transporte desses pacientes.<\/p>\n<p>O presidente determinou um prazo de 12 horas para que a quest\u00e3o seja resolvida, caso contr\u00e1rio a pauta do executivo est\u00e1 trancada na C\u00e2mara.<\/p>\n<\/p><\/div>\n<footer>\n<div class=\"td-block-row td-post-next-prev\">\n<div class=\"td-block-span6 td-post-prev-post\">\n<div class=\"td-post-next-prev-content\"><span>Previous article<\/span>C.Vale promove \u201cdia de campo\u201d para apresentar inova\u00e7\u00f5es tecnol\u00f3gicas e sustent\u00e1veis<\/div>\n<\/div>\n<\/div>\n<p>            \t        <span class=\"td-page-meta\" itemprop=\"author\" itemscope=\"\" itemtype=\"https:\/\/schema.org\/Person\"><meta itemprop=\"name\" content=\"Chico Oliveira\"\/><\/span><meta itemprop=\"datePublished\" content=\"2024-01-25T09:38:57+00:00\"\/><meta itemprop=\"dateModified\" content=\"2024-01-25T09:38:57-03:00\"\/><meta itemscope=\"\" itemprop=\"mainEntityOfPage\" itemtype=\"https:\/\/schema.org\/WebPage\" itemid=\"https:\/\/nmt.com.br\/2024\/01\/25\/junior-mendonca-da-um-prazo-de-12-horas-para-prefeitura-resolver-o-problema-de-falta-de-combustivel\/\"\/><span class=\"td-page-meta\" itemprop=\"publisher\" itemscope=\"\" itemtype=\"https:\/\/schema.org\/Organization\"><span class=\"td-page-meta\" itemprop=\"logo\" itemscope=\"\" itemtype=\"https:\/\/schema.org\/ImageObject\"><meta itemprop=\"url\" content=\"https:\/\/nmt.com.br\/wp-content\/uploads\/2021\/03\/logo1.png\"\/><\/span><meta itemprop=\"name\" content=\"NOT\u00cdCIAS DE MATO GROSSO\"\/><\/span><meta itemprop=\"headline \" content=\"J\u00fanior Mendon\u00e7a d\u00e1 um prazo de 12 horas para prefeitura resolver o problema de falta de combust\u00edvel\"\/><span class=\"td-page-meta\" itemprop=\"image\" itemscope=\"\" itemtype=\"https:\/\/schema.org\/ImageObject\"><meta itemprop=\"url\" content=\"https:\/\/nmt.com.br\/wp-content\/uploads\/2024\/01\/d5f6c095-4984-4bd8-8f2a-364e190485ee.jpeg\"\/><meta itemprop=\"width\" content=\"695\"\/><meta itemprop=\"height\" content=\"768\"\/><\/span>        <\/footer>\n<\/p><\/div>\n<p><br \/>\n<br \/><a href=\"https:\/\/nmt.com.br\/2024\/01\/25\/junior-mendonca-da-um-prazo-de-12-horas-para-prefeitura-resolver-o-problema-de-falta-de-combustivel\/\">Fonte da Noticia <\/a><\/p>\n","protected":false},"excerpt":{"rendered":"<p>O presidente da C\u00e2mara Municipal de Rondon\u00f3polis, J\u00fanior Mendon\u00e7a, deu um ultimato ao prefeito Jos\u00e9 Carlos do P\u00e1tio durante a sess\u00e3o desta quarta-feira (24). \u201cSe n\u00e3o resolver o problema do transporte dos pacientes de nefrologia que fazem o tratamento em Cuiab\u00e1 a pauta da prefeitura est\u00e1 trancada na C\u00e2mara\u201d. A medida adotada por J\u00fanior Mendon\u00e7a [&hellip;]<\/p>\n","protected":false},"author":1,"featured_media":5250,"comment_status":"closed","ping_status":"closed","sticky":false,"template":"","format":"standard","meta":[],"categories":[1],"tags":[],"_links":{"self":[{"href":"https:\/\/ligana104.com.br\/2021\/wp-json\/wp\/v2\/posts\/5249"}],"collection":[{"href":"https:\/\/ligana104.com.br\/2021\/wp-json\/wp\/v2\/posts"}],"about":[{"href":"https:\/\/ligana104.com.br\/2021\/wp-json\/wp\/v2\/types\/post"}],"author":[{"embeddable":true,"href":"https:\/\/ligana104.com.br\/2021\/wp-json\/wp\/v2\/users\/1"}],"replies":[{"embeddable":true,"href":"https:\/\/ligana104.com.br\/2021\/wp-json\/wp\/v2\/comments?post=5249"}],"version-history":[{"count":1,"href":"https:\/\/ligana104.com.br\/2021\/wp-json\/wp\/v2\/posts\/5249\/revisions"}],"predecessor-version":[{"id":5251,"href":"https:\/\/ligana104.com.br\/2021\/wp-json\/wp\/v2\/posts\/5249\/revisions\/5251"}],"wp:featuredmedia":[{"embeddable":true,"href":"https:\/\/ligana104.com.br\/2021\/wp-json\/wp\/v2\/media\/5250"}],"wp:attachment":[{"href":"https:\/\/ligana104.com.br\/2021\/wp-json\/wp\/v2\/media?parent=5249"}],"wp:term":[{"taxonomy":"category","embeddable":true,"href":"https:\/\/ligana104.com.br\/2021\/wp-json\/wp\/v2\/categories?post=5249"},{"taxonomy":"post_tag","embeddable":true,"href":"https:\/\/ligana104.com.br\/2021\/wp-json\/wp\/v2\/tags?post=5249"}],"curies":[{"name":"wp","href":"https:\/\/api.w.org\/{rel}","templated":true}]}}