{"id":5228,"date":"2024-01-24T20:39:57","date_gmt":"2024-01-24T22:39:57","guid":{"rendered":"https:\/\/ligana104.com.br\/2021\/2024\/01\/24\/governador-assina-decreto-e-lei-de-claudio-ferreira-sobre-cnh-social-entra-em-vigor-em-mt\/"},"modified":"2024-01-24T20:39:57","modified_gmt":"2024-01-24T22:39:57","slug":"governador-assina-decreto-e-lei-de-claudio-ferreira-sobre-cnh-social-entra-em-vigor-em-mt","status":"publish","type":"post","link":"https:\/\/ligana104.com.br\/2021\/2024\/01\/24\/governador-assina-decreto-e-lei-de-claudio-ferreira-sobre-cnh-social-entra-em-vigor-em-mt\/","title":{"rendered":"Governador assina decreto e lei de Cl\u00e1udio Ferreira sobre CNH Social entra em vigor em MT"},"content":{"rendered":"<p> <br \/>\n<\/p>\n<div>\n<p>O governador Mauro Mendes (Uni\u00e3o) assinou nesta quarta-feira (24) o decreto que institui o programa da CNH Social em Mato Grosso. A Lei Estadual n.\u00ba 12.286, de 05 de outubro de 2023, \u00e9 de autoria do deputado estadual Cl\u00e1udio Ferreira (PL) e tem como objetivo garantir o acesso \u00e0 primeira Carteira Nacional de Habilita\u00e7\u00e3o (CNH) \u00e0s pessoas de baixa renda no estado.<\/p>\n<p>\u201cEsta \u00e9 uma grande vit\u00f3ria, uma proposta de campanha que agora se torna realidade no estado, garantindo a milhares de cidad\u00e3os mato-grossenses o acesso \u00e0 primeira CNH de forma totalmente gratuita. Temos muito a comemorar\u201d, disse Cl\u00e1udio Paisagista ao celebrar a assinatura do decreto.<\/p>\n<p>O governador comemorou a proposta e falou sobre os investimentos para o programa. \u201cApoiamos este projeto porque entendemos que ele \u00e9 bom, pois vai ao encontro daquilo que \u00e9 papel do estado, que \u00e9 cuidar das pessoas que mais precisam. Parab\u00e9ns, Cl\u00e1udio e muito obrigada pela sua iniciativa. Foi brilhante, n\u00f3s acolhemos e agora todo aquele que estiver em situa\u00e7\u00e3o de vulnerabilidade e quiser ter sua primeira CNH, vai conseguir\u201d.<\/p>\n<p>Mauro Mendes anunciou ainda que inicialmente cerca de 10 mil pessoas ser\u00e3o beneficiadas e que se houver demanda, o Governo do Estado poder\u00e1 aumentar o investimento para que mais cidad\u00e3os possam ter acesso \u00e0 CNH.<\/p>\n<p>O deputado Cl\u00e1udio Ferreira tamb\u00e9m destinou R$6 milh\u00f5es em emendas para o programa da CNH Social. \u201cNosso objetivo \u00e9 que cada vez mais cidad\u00e3os possam ter dignidade e oportunidades melhores, por isso al\u00e9m de apresentar a lei da CNH Social destinamos R$6 milh\u00f5es em emendas para custear a entrega da primeira habilita\u00e7\u00e3o para aqueles que mais precisam e muitas vezes n\u00e3o conseguem pagar\u201d.<\/p>\n<\/p>\n<p>A lei estabelece que os benefici\u00e1rios do programa ser\u00e3o isentos das taxas de avalia\u00e7\u00e3o psicol\u00f3gica; aptid\u00e3o f\u00edsica e mental; da realiza\u00e7\u00e3o de provas te\u00f3rica e pr\u00e1tica; da taxa de avalia\u00e7\u00e3o da junta m\u00e9dica, quando se tratar de pessoa com defici\u00eancia; e dos pagamentos relativos \u00e0s aulas pr\u00e1ticas e te\u00f3ricas.<\/p>\n<p>De acordo com Cl\u00e1udio Paisagista, al\u00e9m de possibilitar maior seguran\u00e7a no tr\u00e2nsito ao garantir o acesso \u00e0 CNH, a lei tamb\u00e9m colabora com o aumento das possibilidades de emprego, garantindo que os cidad\u00e3os beneficiados pelo programa possam ter acesso ao documento. \u201cQuantas pessoas j\u00e1 perderam um emprego porque n\u00e3o tinham sua CNH? Hoje um trabalhador sofre para pagar os custos altos desse documento e a nossa proposta garante agora a esses cidad\u00e3os uma nova perspectiva de desenvolvimento. Al\u00e9m de colaborar para a seguran\u00e7a no tr\u00e2nsito\u201d, afirmou o parlamentar.<\/p>\n<p>Entre as autoridades que participaram do evento, a vice-presidente do Tribunal de Justi\u00e7a do Estado, desembargadora Maria Erotides Kneip, destacou a import\u00e2ncia da lei de Cl\u00e1udio Paisagista.<\/p>\n<p>\u201cEste documento para o Poder Judici\u00e1rio \u00e9 a express\u00e3o do direito de personalidade, al\u00e9m disso o programa vai possibilitar que Mato Grosso seja o estado com menor \u00edndice de desemprego do pa\u00eds\u201d, declarou a desembargadora.<\/p>\n<\/p><\/div>\n<p><br \/>\n<br \/><a href=\"https:\/\/rgtnews.com.br\/noticias\/politica\/governador-assina-decreto-e-lei-de-claudio-ferreira-sobre-cnh-social-entra-em-vigor-em-mt\/?utm_source=rss&#038;utm_medium=rss&#038;utm_campaign=governador-assina-decreto-e-lei-de-claudio-ferreira-sobre-cnh-social-entra-em-vigor-em-mt\">Fonte da Noticia <\/a><\/p>\n","protected":false},"excerpt":{"rendered":"<p>O governador Mauro Mendes (Uni\u00e3o) assinou nesta quarta-feira (24) o decreto que institui o programa da CNH Social em Mato Grosso. A Lei Estadual n.\u00ba 12.286, de 05 de outubro de 2023, \u00e9 de autoria do deputado estadual Cl\u00e1udio Ferreira (PL) e tem como objetivo garantir o acesso \u00e0 primeira Carteira Nacional de Habilita\u00e7\u00e3o (CNH) [&hellip;]<\/p>\n","protected":false},"author":1,"featured_media":5229,"comment_status":"closed","ping_status":"closed","sticky":false,"template":"","format":"standard","meta":[],"categories":[1],"tags":[],"_links":{"self":[{"href":"https:\/\/ligana104.com.br\/2021\/wp-json\/wp\/v2\/posts\/5228"}],"collection":[{"href":"https:\/\/ligana104.com.br\/2021\/wp-json\/wp\/v2\/posts"}],"about":[{"href":"https:\/\/ligana104.com.br\/2021\/wp-json\/wp\/v2\/types\/post"}],"author":[{"embeddable":true,"href":"https:\/\/ligana104.com.br\/2021\/wp-json\/wp\/v2\/users\/1"}],"replies":[{"embeddable":true,"href":"https:\/\/ligana104.com.br\/2021\/wp-json\/wp\/v2\/comments?post=5228"}],"version-history":[{"count":1,"href":"https:\/\/ligana104.com.br\/2021\/wp-json\/wp\/v2\/posts\/5228\/revisions"}],"predecessor-version":[{"id":5230,"href":"https:\/\/ligana104.com.br\/2021\/wp-json\/wp\/v2\/posts\/5228\/revisions\/5230"}],"wp:featuredmedia":[{"embeddable":true,"href":"https:\/\/ligana104.com.br\/2021\/wp-json\/wp\/v2\/media\/5229"}],"wp:attachment":[{"href":"https:\/\/ligana104.com.br\/2021\/wp-json\/wp\/v2\/media?parent=5228"}],"wp:term":[{"taxonomy":"category","embeddable":true,"href":"https:\/\/ligana104.com.br\/2021\/wp-json\/wp\/v2\/categories?post=5228"},{"taxonomy":"post_tag","embeddable":true,"href":"https:\/\/ligana104.com.br\/2021\/wp-json\/wp\/v2\/tags?post=5228"}],"curies":[{"name":"wp","href":"https:\/\/api.w.org\/{rel}","templated":true}]}}