{"id":5225,"date":"2024-01-24T19:39:07","date_gmt":"2024-01-24T21:39:07","guid":{"rendered":"https:\/\/ligana104.com.br\/2021\/2024\/01\/24\/seletivo-para-29-professores-esta-aberto-salarios-sao-de-ate-r-4-95000\/"},"modified":"2024-01-24T19:39:08","modified_gmt":"2024-01-24T21:39:08","slug":"seletivo-para-29-professores-esta-aberto-salarios-sao-de-ate-r-4-95000","status":"publish","type":"post","link":"https:\/\/ligana104.com.br\/2021\/2024\/01\/24\/seletivo-para-29-professores-esta-aberto-salarios-sao-de-ate-r-4-95000\/","title":{"rendered":"Seletivo para 29 professores est\u00e1 aberto. Sal\u00e1rios s\u00e3o de at\u00e9 R$ 4.950,00"},"content":{"rendered":"<p> <br \/>\n<\/p>\n<div id=\"infocoweb_corpo\">\n<p>A Secretaria Municipal de Ci\u00eancia, Tecnologia e Inova\u00e7\u00e3o (Seciteci) est\u00e1 com inscri\u00e7\u00f5es abertas para o processo seletivo de 29 professores para atuarem no Cursinho Pr\u00e9-vestibular \u201cZumbi dos Palmares\u201d, que visa atender 800 alunos de baixa renda da cidade durante este ano com ensino gratuito. Os sal\u00e1rios variam at\u00e9 R$ 4.950,00.<\/p>\n<p>Ser\u00e3o tr\u00eas etapas de provas para os professores, sendo uma escrita a ser realizada no dia 07 de fevereiro, na Seciteci, das 19h \u00e0s 21 h; a segunda \u00e9 a prova de t\u00edtulos em que contar\u00e3o pontos os cursos de especializa\u00e7\u00e3o, mestrado e doutorado, como tamb\u00e9m cursos da \u00e1rea e viv\u00eancia pedag\u00f3gica, como atua\u00e7\u00e3o em cursinhos e no ensino m\u00e9dio; e a terceira e \u00faltima etapa ser\u00e1 de desempenho did\u00e1tico, cuja avalia\u00e7\u00e3o ser\u00e1 de uma aula dada a uma banca. Em cada etapa os professores acumulam pontos. A nota m\u00e1xima ser\u00e1 de 100 pontos e a de corte de 50 pontos.<\/p>\n<p>Os documentos para a prova de t\u00edtulos dever\u00e3o ser apresentados no ato da inscri\u00e7\u00e3o para valida\u00e7\u00e3o, assim como as experi\u00eancias profissionais. <\/p>\n<p>A contrata\u00e7\u00e3o ser\u00e1 para os seguintes professores: L\u00edngua Portuguesa, Reda\u00e7\u00e3o e Literatura (4), Matem\u00e1tica (4), Biologia (3), Qu\u00edmica (3), Hist\u00f3ria (3), Geografia (3), Filosofia (3), Ingl\u00eas (2), Espanhol (2) e suportes pedag\u00f3gicos (2), para estas vagas o profissional dever\u00e1 ter cursado uma faculdade na \u00e1rea de humanas. O total de vagas j\u00e1 contempla a contrata\u00e7\u00e3o de 10% de profissionais com defici\u00eancia (PcD).  <\/p>\n<p>O contrato com os profissionais ser\u00e1 de um ano e o resultado final do processo seletivo dever\u00e1 ser publicado em 22 de fevereiro, no Diorondon. <\/p>\n<p>\u201cEsta \u00e9 a segunda vez que estamos fazendo provas de t\u00edtulo e desempenho pedag\u00f3gico como forma de selecionar professores com mais experi\u00eancia e dom\u00ednio pedag\u00f3gico. Queremos oferecer o melhor para os nossos estudantes. Temos melhorado o resultado dos nossos alunos no Enem em especial nas reda\u00e7\u00f5es\u201d, destacou a secret\u00e1ria de Ci\u00eancia, Tecnologia e Inova\u00e7\u00e3o, Neiva De C\u00f3l. <\/p>\n<p><strong>Destaques <\/strong><\/p>\n<p>Duas alunas do Cursinho Pr\u00e9-vestibular Zumbi dos Palmares foram destaque em pontua\u00e7\u00e3o na reda\u00e7\u00e3o do Enem de 2023: Emilly Carvalho com 940 pontos e Isabelly Silveira com 920 pontos. <\/p>\n<p><strong>Cursinho<\/strong><\/p>\n<p>As aulas ser\u00e3o realizadas no decorrer do ano \u00e0 noite, de segunda a sexta-feira, na Escola Marechal Dutra e os alunos em vulnerabilidade social contar\u00e3o com transporte gratuito. <\/p>\n<p>Mais informa\u00e7\u00f5es pelo telefone e whatsapp (66)9971-45787. O edital completo contendo as informa\u00e7\u00f5es est\u00e1 dispon\u00edvel: <a href=\"http:\/\/www.rondonopolis.mt.gov.br\/media\/docs\/edicoes\/2024\/January\/864fc92b-1b4f-46ae-af53-dfa733dde77f.pdf\">http:\/\/www.rondonopolis.mt.gov\u2026<\/a><\/p>\n<p id=\"infocoweb_fonte\" class=\"infocoweb_fonte\">Fonte: <a target=\"_blank\" href=\"http:\/\/www.rondonopolis.mt.gov.br\/noticias\/seletivo-para-29-professores-esta-aberto-salarios-sao-de-ate-r-4-95000\/#c2f11e6e-531e-40e8-8bb4-ce2028f4824a\" rel=\"noopener\">Prefeitura de Rondon\u00f3polis \u2013 MT<\/a><\/p>\n<\/div>\n<p><br \/>\n<br \/><a href=\"https:\/\/nmt.com.br\/2024\/01\/24\/seletivo-para-29-professores-esta-aberto-salarios-sao-de-ate-r-4-95000\/\">Fonte da Noticia <\/a><\/p>\n","protected":false},"excerpt":{"rendered":"<p>A Secretaria Municipal de Ci\u00eancia, Tecnologia e Inova\u00e7\u00e3o (Seciteci) est\u00e1 com inscri\u00e7\u00f5es abertas para o processo seletivo de 29 professores para atuarem no Cursinho Pr\u00e9-vestibular \u201cZumbi dos Palmares\u201d, que visa atender 800 alunos de baixa renda da cidade durante este ano com ensino gratuito. Os sal\u00e1rios variam at\u00e9 R$ 4.950,00. Ser\u00e3o tr\u00eas etapas de provas [&hellip;]<\/p>\n","protected":false},"author":1,"featured_media":5226,"comment_status":"closed","ping_status":"closed","sticky":false,"template":"","format":"standard","meta":[],"categories":[1],"tags":[],"_links":{"self":[{"href":"https:\/\/ligana104.com.br\/2021\/wp-json\/wp\/v2\/posts\/5225"}],"collection":[{"href":"https:\/\/ligana104.com.br\/2021\/wp-json\/wp\/v2\/posts"}],"about":[{"href":"https:\/\/ligana104.com.br\/2021\/wp-json\/wp\/v2\/types\/post"}],"author":[{"embeddable":true,"href":"https:\/\/ligana104.com.br\/2021\/wp-json\/wp\/v2\/users\/1"}],"replies":[{"embeddable":true,"href":"https:\/\/ligana104.com.br\/2021\/wp-json\/wp\/v2\/comments?post=5225"}],"version-history":[{"count":1,"href":"https:\/\/ligana104.com.br\/2021\/wp-json\/wp\/v2\/posts\/5225\/revisions"}],"predecessor-version":[{"id":5227,"href":"https:\/\/ligana104.com.br\/2021\/wp-json\/wp\/v2\/posts\/5225\/revisions\/5227"}],"wp:featuredmedia":[{"embeddable":true,"href":"https:\/\/ligana104.com.br\/2021\/wp-json\/wp\/v2\/media\/5226"}],"wp:attachment":[{"href":"https:\/\/ligana104.com.br\/2021\/wp-json\/wp\/v2\/media?parent=5225"}],"wp:term":[{"taxonomy":"category","embeddable":true,"href":"https:\/\/ligana104.com.br\/2021\/wp-json\/wp\/v2\/categories?post=5225"},{"taxonomy":"post_tag","embeddable":true,"href":"https:\/\/ligana104.com.br\/2021\/wp-json\/wp\/v2\/tags?post=5225"}],"curies":[{"name":"wp","href":"https:\/\/api.w.org\/{rel}","templated":true}]}}