{"id":5216,"date":"2024-01-24T16:28:04","date_gmt":"2024-01-24T18:28:04","guid":{"rendered":"https:\/\/ligana104.com.br\/2021\/2024\/01\/24\/paulo-jose-e-thiago-silva-trocam-farpas-e-centro-esquerda-entra-em-colisao-em-rondonopolis\/"},"modified":"2024-01-24T16:28:05","modified_gmt":"2024-01-24T18:28:05","slug":"paulo-jose-e-thiago-silva-trocam-farpas-e-centro-esquerda-entra-em-colisao-em-rondonopolis","status":"publish","type":"post","link":"https:\/\/ligana104.com.br\/2021\/2024\/01\/24\/paulo-jose-e-thiago-silva-trocam-farpas-e-centro-esquerda-entra-em-colisao-em-rondonopolis\/","title":{"rendered":"Paulo Jos\u00e9 e Thiago Silva trocam `farpas\u00b4 e centro-esquerda entra em colis\u00e3o em Rondon\u00f3polis"},"content":{"rendered":"<p> <br \/>\n<\/p>\n<div>\n<p>Dois pr\u00e9-candidatos a prefeito, ambos alinhados \u00e0 centro-esquerda, protagonizaram um embate acalorado pela m\u00eddia. Paulo Jos\u00e9, diretor-presidente do Servi\u00e7o de Saneamento Ambiental de Rondon\u00f3polis (Sanear) e representante do PSB, e o deputado estadual Thiago Silva, filiado ao MDB, trocaram farpas recentemente, mostrando como deve ser o ano de 2024 at\u00e9 o dia das elei\u00e7\u00f5es.<\/p>\n<p>O desentendimento teve in\u00edcio quando, durante uma reuni\u00e3o pol\u00edtica realizada na noite de segunda-feira (23), Paulo Jos\u00e9 acusou Thiago Silva de \u201cvender a alma ao diabo\u201d ao buscar uma alian\u00e7a com o ex-prefeito Adilton Sachetti (Republicanos) para a disputa eleitoral que se avizinha. Indicado pelo grupo do atual prefeito Z\u00e9 Carlos do P\u00e1tio (PSB) para concorrer \u00e0 sucess\u00e3o municipal, Paulo Jos\u00e9 criticou a alian\u00e7a, considerando-a incoerente e acusando Thiago de trair suas origens e compromissos com o movimento comunit\u00e1rio local.<\/p>\n<p>O embate ganhou ainda mais intensidade quando Paulo Jos\u00e9 recordou a elei\u00e7\u00e3o municipal de 2008, na qual Z\u00e9 Carlos do P\u00e1tio derrotou Adilton Sachetti, que concorria \u00e0 reelei\u00e7\u00e3o. As cr\u00edticas de Paulo refletiam o sentimento de que Thiago Silva estaria agindo contra os interesses do grupo pol\u00edtico que representa.<\/p>\n<p>Thiago Silva, por sua vez, respondeu \u00e0s acusa\u00e7\u00f5es por meio de uma nota, classificando Paulo Jos\u00e9 como despreparado e desesperado. O pr\u00e9-candidato do MDB destacou a contradi\u00e7\u00e3o ao mencionar que o mesmo Adilton Sachetti, rotulado como \u201cdiabo\u201d por Paulo, foi apoiado por Z\u00e9 do P\u00e1tio e seu grupo nas elei\u00e7\u00f5es de 2018, quando concorreu ao Senado.<\/p>\n<h2>Narrativa x realidade<\/h2>\n<\/div>\n<p>Thiago Silva tenta se desprender de suas ra\u00edzes e criar um discurso de que \u00e9 de centro-direita \u2013 o que vai totalmente contra o hist\u00f3rico de milit\u00e2ncia e a\u00e7\u00f5es de mandato,\u00a0 mas se faz necess\u00e1rio pela caracter\u00edstica majorit\u00e1ria do eleitorado mato-grossense.<\/p>\n<p>A contradi\u00e7\u00e3o se acentua quando consideramos o posicionamento do presidente eterno do MDB, Carlos Bezerra, mentor de Thiago Silva, que em 2023 expressou avers\u00e3o ao bolsonarismo e criticou pol\u00edticos de direita em Mato Grosso.<\/p>\n<p>Essa postura, que empurra o MDB para uma posi\u00e7\u00e3o mais \u00e0 esquerda, pode favorecer a ideologia interna do partido, mas apresenta desafios para situa\u00e7\u00f5es espec\u00edficas, como a candidatura de Thiago Silva.<\/p>\n<p><br \/>\n<br \/><a href=\"https:\/\/rgtnews.com.br\/sem-categoria\/paulo-jose-e-thiago-silva-trocam-farpas-e-centro-esquerda-entra-em-colisao-em-rondonopolis\/?utm_source=rss&#038;utm_medium=rss&#038;utm_campaign=paulo-jose-e-thiago-silva-trocam-farpas-e-centro-esquerda-entra-em-colisao-em-rondonopolis\">Fonte da Noticia <\/a><\/p>\n","protected":false},"excerpt":{"rendered":"<p>Dois pr\u00e9-candidatos a prefeito, ambos alinhados \u00e0 centro-esquerda, protagonizaram um embate acalorado pela m\u00eddia. Paulo Jos\u00e9, diretor-presidente do Servi\u00e7o de Saneamento Ambiental de Rondon\u00f3polis (Sanear) e representante do PSB, e o deputado estadual Thiago Silva, filiado ao MDB, trocaram farpas recentemente, mostrando como deve ser o ano de 2024 at\u00e9 o dia das elei\u00e7\u00f5es. O [&hellip;]<\/p>\n","protected":false},"author":1,"featured_media":5217,"comment_status":"closed","ping_status":"closed","sticky":false,"template":"","format":"standard","meta":[],"categories":[1],"tags":[],"_links":{"self":[{"href":"https:\/\/ligana104.com.br\/2021\/wp-json\/wp\/v2\/posts\/5216"}],"collection":[{"href":"https:\/\/ligana104.com.br\/2021\/wp-json\/wp\/v2\/posts"}],"about":[{"href":"https:\/\/ligana104.com.br\/2021\/wp-json\/wp\/v2\/types\/post"}],"author":[{"embeddable":true,"href":"https:\/\/ligana104.com.br\/2021\/wp-json\/wp\/v2\/users\/1"}],"replies":[{"embeddable":true,"href":"https:\/\/ligana104.com.br\/2021\/wp-json\/wp\/v2\/comments?post=5216"}],"version-history":[{"count":1,"href":"https:\/\/ligana104.com.br\/2021\/wp-json\/wp\/v2\/posts\/5216\/revisions"}],"predecessor-version":[{"id":5218,"href":"https:\/\/ligana104.com.br\/2021\/wp-json\/wp\/v2\/posts\/5216\/revisions\/5218"}],"wp:featuredmedia":[{"embeddable":true,"href":"https:\/\/ligana104.com.br\/2021\/wp-json\/wp\/v2\/media\/5217"}],"wp:attachment":[{"href":"https:\/\/ligana104.com.br\/2021\/wp-json\/wp\/v2\/media?parent=5216"}],"wp:term":[{"taxonomy":"category","embeddable":true,"href":"https:\/\/ligana104.com.br\/2021\/wp-json\/wp\/v2\/categories?post=5216"},{"taxonomy":"post_tag","embeddable":true,"href":"https:\/\/ligana104.com.br\/2021\/wp-json\/wp\/v2\/tags?post=5216"}],"curies":[{"name":"wp","href":"https:\/\/api.w.org\/{rel}","templated":true}]}}