{"id":5213,"date":"2024-01-24T15:27:10","date_gmt":"2024-01-24T17:27:10","guid":{"rendered":"https:\/\/ligana104.com.br\/2021\/2024\/01\/24\/jovem-e-baleado-apos-chamar-vizinho-de-corno-durante-discussao\/"},"modified":"2024-01-24T15:27:10","modified_gmt":"2024-01-24T17:27:10","slug":"jovem-e-baleado-apos-chamar-vizinho-de-corno-durante-discussao","status":"publish","type":"post","link":"https:\/\/ligana104.com.br\/2021\/2024\/01\/24\/jovem-e-baleado-apos-chamar-vizinho-de-corno-durante-discussao\/","title":{"rendered":"Jovem \u00e9 baleado ap\u00f3s chamar vizinho de \u2018corno\u2019 durante discuss\u00e3o"},"content":{"rendered":"<p> <br \/>\n<\/p>\n<p data-reader-unique-id=\"1\">Uma discuss\u00e3o entre vizinhos terminou em tiro nesta ter\u00e7a-feira (23) na rua Palmeira, no bairro Cidade de Deus, zona Norte de Manaus. Na ocasi\u00e3o, Josiney Assun\u00e7\u00e3o, de 21 anos, acabou sendo baleado ap\u00f3s supostamente ter chamado o outro homem de \u201ccorno\u201d.<\/p>\n<p data-reader-unique-id=\"1\">Segundo informa\u00e7\u00f5es preliminares, a briga teria come\u00e7ado logo ap\u00f3s Josiney ter cobrado o vizinho sobre uma picareta que havia lhe emprestado h\u00e1 um tempo, e n\u00e3o teria recebido de volta.<\/p>\n<p data-reader-unique-id=\"2\">Com isso, os dois discutiram e se exaltaram, quando Josiney acabou chamando o vizinho de \u201ccorno\u201d.<\/p>\n<p data-reader-unique-id=\"2\">O homem se descontrolou, pegou uma arma e atirou contra Josiney, que foi atingido na perna. O jovem logo foi socorrido e encaminhado ao Hospital Plat\u00e3o Ara\u00fajo, onde recebeu atendimento m\u00e9dico.<\/p>\n<p data-reader-unique-id=\"2\">O homem foi preso em flagrante e conduzido at\u00e9 a delegacia para passar pelos procedimentos cab\u00edveis.<\/p>\n<p><br \/>\n<br \/><a href=\"https:\/\/rgtnews.com.br\/noticias\/variedades\/jovem-e-baleado-apos-chamar-vizinho-de-corno-durante-discussao\/?utm_source=rss&#038;utm_medium=rss&#038;utm_campaign=jovem-e-baleado-apos-chamar-vizinho-de-corno-durante-discussao\">Fonte da Noticia <\/a><\/p>\n","protected":false},"excerpt":{"rendered":"<p>Uma discuss\u00e3o entre vizinhos terminou em tiro nesta ter\u00e7a-feira (23) na rua Palmeira, no bairro Cidade de Deus, zona Norte de Manaus. Na ocasi\u00e3o, Josiney Assun\u00e7\u00e3o, de 21 anos, acabou sendo baleado ap\u00f3s supostamente ter chamado o outro homem de \u201ccorno\u201d. Segundo informa\u00e7\u00f5es preliminares, a briga teria come\u00e7ado logo ap\u00f3s Josiney ter cobrado o vizinho [&hellip;]<\/p>\n","protected":false},"author":1,"featured_media":5214,"comment_status":"closed","ping_status":"closed","sticky":false,"template":"","format":"standard","meta":[],"categories":[1],"tags":[],"_links":{"self":[{"href":"https:\/\/ligana104.com.br\/2021\/wp-json\/wp\/v2\/posts\/5213"}],"collection":[{"href":"https:\/\/ligana104.com.br\/2021\/wp-json\/wp\/v2\/posts"}],"about":[{"href":"https:\/\/ligana104.com.br\/2021\/wp-json\/wp\/v2\/types\/post"}],"author":[{"embeddable":true,"href":"https:\/\/ligana104.com.br\/2021\/wp-json\/wp\/v2\/users\/1"}],"replies":[{"embeddable":true,"href":"https:\/\/ligana104.com.br\/2021\/wp-json\/wp\/v2\/comments?post=5213"}],"version-history":[{"count":1,"href":"https:\/\/ligana104.com.br\/2021\/wp-json\/wp\/v2\/posts\/5213\/revisions"}],"predecessor-version":[{"id":5215,"href":"https:\/\/ligana104.com.br\/2021\/wp-json\/wp\/v2\/posts\/5213\/revisions\/5215"}],"wp:featuredmedia":[{"embeddable":true,"href":"https:\/\/ligana104.com.br\/2021\/wp-json\/wp\/v2\/media\/5214"}],"wp:attachment":[{"href":"https:\/\/ligana104.com.br\/2021\/wp-json\/wp\/v2\/media?parent=5213"}],"wp:term":[{"taxonomy":"category","embeddable":true,"href":"https:\/\/ligana104.com.br\/2021\/wp-json\/wp\/v2\/categories?post=5213"},{"taxonomy":"post_tag","embeddable":true,"href":"https:\/\/ligana104.com.br\/2021\/wp-json\/wp\/v2\/tags?post=5213"}],"curies":[{"name":"wp","href":"https:\/\/api.w.org\/{rel}","templated":true}]}}