{"id":5210,"date":"2024-01-24T14:25:53","date_gmt":"2024-01-24T16:25:53","guid":{"rendered":"https:\/\/ligana104.com.br\/2021\/2024\/01\/24\/trabalhadores-do-transporte-coletivo-aprovam-estado-de-greve-em-assembleia-sindical\/"},"modified":"2024-01-24T14:25:55","modified_gmt":"2024-01-24T16:25:55","slug":"trabalhadores-do-transporte-coletivo-aprovam-estado-de-greve-em-assembleia-sindical","status":"publish","type":"post","link":"https:\/\/ligana104.com.br\/2021\/2024\/01\/24\/trabalhadores-do-transporte-coletivo-aprovam-estado-de-greve-em-assembleia-sindical\/","title":{"rendered":"Trabalhadores do transporte coletivo aprovam estado de greve em Assembleia Sindical"},"content":{"rendered":"<p> <br \/>\n<\/p>\n<div>\n<div class=\"td-post-featured-image\"><\/div>\n<p>Na \u00faltima ter\u00e7a-feira (23), os trabalhadores da empresa Cidade de Pedra, por meio do Sindicato dos Trabalhadores do Transporte Terrestre de Rondon\u00f3polis e Regi\u00e3o (STTTRR), decidiram aprovar o estado de greve em uma assembleia geral. A decis\u00e3o est\u00e1 relacionada ao t\u00e9rmino do contrato da empresa com o munic\u00edpio e \u00e0 poss\u00edvel absor\u00e7\u00e3o dos trabalhadores pela Autarquia do Transporte Coletivo, via contrata\u00e7\u00e3o com uma cooperativa.<\/p>\n<p>A principal fonte de insatisfa\u00e7\u00e3o dos trabalhadores reside no fato de que, na Cidade de Pedra, eles eram regidos pela CLT (Consolida\u00e7\u00e3o das Leis do Trabalho), enquanto na cooperativa perderiam esses direitos trabalhistas. Al\u00e9m disso, manifestam preocupa\u00e7\u00e3o em rela\u00e7\u00e3o \u00e0 perda do aux\u00edlio alimenta\u00e7\u00e3o e do vale g\u00e1s, bem como \u00e0 impossibilidade de serem assistidos pelo Sindicato da Categoria no novo modelo.<\/p>\n<p>Durante a assembleia, a proposta de paralisa\u00e7\u00e3o foi aprovada por expressivos 50 votos favor\u00e1veis, contra apenas quatro votos contr\u00e1rios. Na mesma reuni\u00e3o, os trabalhadores foram consultados sobre a possibilidade de ades\u00e3o \u00e0 cooperativa, sendo que a proposta foi reprovada por unanimidade dos presentes.<\/p>\n<p>Afonso Arag\u00e3o, presidente do STTTRR, ressaltou que o pr\u00f3ximo passo, ap\u00f3s a aprova\u00e7\u00e3o do estado de greve, ser\u00e1 apresentar ao Poder P\u00fablico uma pauta de reivindica\u00e7\u00f5es da categoria. Ele enfatizou a disposi\u00e7\u00e3o do sindicato em estabelecer um di\u00e1logo com a secret\u00e1ria de Tr\u00e2nsito e presidente da autarquia, Priscila Paiva, na busca por uma solu\u00e7\u00e3o para o problema. \u201cN\u00e3o queremos uma paralisa\u00e7\u00e3o, mas sim que a situa\u00e7\u00e3o seja resolvida. A paralisa\u00e7\u00e3o \u00e9 a nossa \u00faltima alternativa\u201d, afirmou Arag\u00e3o.<br \/><img decoding=\"async\" loading=\"lazy\" class=\"aligncenter size-full wp-image-92390\" src=\"https:\/\/nmt.com.br\/wp-content\/uploads\/2024\/01\/c9401557-a820-4c5f-ba99-772cf97b5ef5.jpeg\" alt=\"\" width=\"1600\" height=\"1200\" srcset=\"https:\/\/nmt.com.br\/wp-content\/uploads\/2024\/01\/c9401557-a820-4c5f-ba99-772cf97b5ef5.jpeg 1600w, https:\/\/nmt.com.br\/wp-content\/uploads\/2024\/01\/c9401557-a820-4c5f-ba99-772cf97b5ef5-300x225.jpeg 300w, https:\/\/nmt.com.br\/wp-content\/uploads\/2024\/01\/c9401557-a820-4c5f-ba99-772cf97b5ef5-1024x768.jpeg 1024w, https:\/\/nmt.com.br\/wp-content\/uploads\/2024\/01\/c9401557-a820-4c5f-ba99-772cf97b5ef5-768x576.jpeg 768w, https:\/\/nmt.com.br\/wp-content\/uploads\/2024\/01\/c9401557-a820-4c5f-ba99-772cf97b5ef5-1536x1152.jpeg 1536w, https:\/\/nmt.com.br\/wp-content\/uploads\/2024\/01\/c9401557-a820-4c5f-ba99-772cf97b5ef5-80x60.jpeg 80w, https:\/\/nmt.com.br\/wp-content\/uploads\/2024\/01\/c9401557-a820-4c5f-ba99-772cf97b5ef5-100x75.jpeg 100w, https:\/\/nmt.com.br\/wp-content\/uploads\/2024\/01\/c9401557-a820-4c5f-ba99-772cf97b5ef5-180x135.jpeg 180w, https:\/\/nmt.com.br\/wp-content\/uploads\/2024\/01\/c9401557-a820-4c5f-ba99-772cf97b5ef5-238x178.jpeg 238w, https:\/\/nmt.com.br\/wp-content\/uploads\/2024\/01\/c9401557-a820-4c5f-ba99-772cf97b5ef5-640x480.jpeg 640w\" sizes=\"(max-width: 1600px) 100vw, 1600px\"\/><\/p>\n<\/p><\/div>\n<p><br \/>\n<br \/><a href=\"https:\/\/nmt.com.br\/2024\/01\/24\/trabalhadores-do-transporte-coletivo-aprovam-estado-de-greve-em-assembleia-sindical\/\">Fonte da Noticia <\/a><\/p>\n","protected":false},"excerpt":{"rendered":"<p>Na \u00faltima ter\u00e7a-feira (23), os trabalhadores da empresa Cidade de Pedra, por meio do Sindicato dos Trabalhadores do Transporte Terrestre de Rondon\u00f3polis e Regi\u00e3o (STTTRR), decidiram aprovar o estado de greve em uma assembleia geral. A decis\u00e3o est\u00e1 relacionada ao t\u00e9rmino do contrato da empresa com o munic\u00edpio e \u00e0 poss\u00edvel absor\u00e7\u00e3o dos trabalhadores pela [&hellip;]<\/p>\n","protected":false},"author":1,"featured_media":5211,"comment_status":"closed","ping_status":"closed","sticky":false,"template":"","format":"standard","meta":[],"categories":[1],"tags":[],"_links":{"self":[{"href":"https:\/\/ligana104.com.br\/2021\/wp-json\/wp\/v2\/posts\/5210"}],"collection":[{"href":"https:\/\/ligana104.com.br\/2021\/wp-json\/wp\/v2\/posts"}],"about":[{"href":"https:\/\/ligana104.com.br\/2021\/wp-json\/wp\/v2\/types\/post"}],"author":[{"embeddable":true,"href":"https:\/\/ligana104.com.br\/2021\/wp-json\/wp\/v2\/users\/1"}],"replies":[{"embeddable":true,"href":"https:\/\/ligana104.com.br\/2021\/wp-json\/wp\/v2\/comments?post=5210"}],"version-history":[{"count":1,"href":"https:\/\/ligana104.com.br\/2021\/wp-json\/wp\/v2\/posts\/5210\/revisions"}],"predecessor-version":[{"id":5212,"href":"https:\/\/ligana104.com.br\/2021\/wp-json\/wp\/v2\/posts\/5210\/revisions\/5212"}],"wp:featuredmedia":[{"embeddable":true,"href":"https:\/\/ligana104.com.br\/2021\/wp-json\/wp\/v2\/media\/5211"}],"wp:attachment":[{"href":"https:\/\/ligana104.com.br\/2021\/wp-json\/wp\/v2\/media?parent=5210"}],"wp:term":[{"taxonomy":"category","embeddable":true,"href":"https:\/\/ligana104.com.br\/2021\/wp-json\/wp\/v2\/categories?post=5210"},{"taxonomy":"post_tag","embeddable":true,"href":"https:\/\/ligana104.com.br\/2021\/wp-json\/wp\/v2\/tags?post=5210"}],"curies":[{"name":"wp","href":"https:\/\/api.w.org\/{rel}","templated":true}]}}