{"id":5201,"date":"2024-01-24T11:08:56","date_gmt":"2024-01-24T13:08:56","guid":{"rendered":"https:\/\/ligana104.com.br\/2021\/2024\/01\/24\/militares-sao-indiciados-por-matar-dois-moradores-de-rua-em-rondonopolis\/"},"modified":"2024-01-24T11:08:56","modified_gmt":"2024-01-24T13:08:56","slug":"militares-sao-indiciados-por-matar-dois-moradores-de-rua-em-rondonopolis","status":"publish","type":"post","link":"https:\/\/ligana104.com.br\/2021\/2024\/01\/24\/militares-sao-indiciados-por-matar-dois-moradores-de-rua-em-rondonopolis\/","title":{"rendered":"Militares s\u00e3o indiciados por matar dois moradores de rua em Rondon\u00f3polis"},"content":{"rendered":"<p> <br \/>\n<\/p>\n<p>Dois policiais militares, identificados como Elder Jos\u00e9 da Silva e C\u00e1ssio Teixeira Brito, foram indiciados pela Pol\u00edcia Civil pelos crimes de homic\u00eddio consumado e tentado no munic\u00edpio de Rondon\u00f3polis, localizado a 212 km ao sul de Cuiab\u00e1. O inqu\u00e9rito que levou ao indiciamento foi conclu\u00eddo em 12 de janeiro pela Delegacia de Homic\u00eddios e Prote\u00e7\u00e3o \u00e0 Pessoa (DHPP).<\/p>\n<p>Segundo informa\u00e7\u00f5es obtidas durante a investiga\u00e7\u00e3o, os policiais s\u00e3o acusados de matar dois sem-tetos, Thiago Rodrigues Lopes, 37 anos, e Odinilson Landvoight de Oliveira, 41 anos, al\u00e9m de ferir outras duas pessoas em situa\u00e7\u00e3o de rua. A conclus\u00e3o do inqu\u00e9rito foi encaminhada ao Judici\u00e1rio e Minist\u00e9rio P\u00fablico para as devidas provid\u00eancias legais.<\/p>\n<p>O agravante na acusa\u00e7\u00e3o recai sobre a forma cruel como os crimes foram cometidos, o motivo torpe que teria motivado as a\u00e7\u00f5es dos policiais, e o recurso que impossibilitou a defesa das v\u00edtimas. O ataque ocorreu enquanto as v\u00edtimas estavam reunidas na frente de uma unidade de atendimento \u00e0s pessoas em situa\u00e7\u00e3o de vulnerabilidade. Importante ressaltar que, segundo relatos, as v\u00edtimas estavam desarmadas e n\u00e3o apresentaram qualquer rea\u00e7\u00e3o diante do ataque.<\/p>\n<p><br \/>\n<br \/><a href=\"https:\/\/rgtnews.com.br\/noticias\/cidades\/militares-sao-indiciados-por-matar-dois-moradores-de-rua-em-rondonopolis\/?utm_source=rss&#038;utm_medium=rss&#038;utm_campaign=militares-sao-indiciados-por-matar-dois-moradores-de-rua-em-rondonopolis\">Fonte da Noticia <\/a><\/p>\n","protected":false},"excerpt":{"rendered":"<p>Dois policiais militares, identificados como Elder Jos\u00e9 da Silva e C\u00e1ssio Teixeira Brito, foram indiciados pela Pol\u00edcia Civil pelos crimes de homic\u00eddio consumado e tentado no munic\u00edpio de Rondon\u00f3polis, localizado a 212 km ao sul de Cuiab\u00e1. O inqu\u00e9rito que levou ao indiciamento foi conclu\u00eddo em 12 de janeiro pela Delegacia de Homic\u00eddios e Prote\u00e7\u00e3o [&hellip;]<\/p>\n","protected":false},"author":1,"featured_media":5202,"comment_status":"closed","ping_status":"closed","sticky":false,"template":"","format":"standard","meta":[],"categories":[1],"tags":[],"_links":{"self":[{"href":"https:\/\/ligana104.com.br\/2021\/wp-json\/wp\/v2\/posts\/5201"}],"collection":[{"href":"https:\/\/ligana104.com.br\/2021\/wp-json\/wp\/v2\/posts"}],"about":[{"href":"https:\/\/ligana104.com.br\/2021\/wp-json\/wp\/v2\/types\/post"}],"author":[{"embeddable":true,"href":"https:\/\/ligana104.com.br\/2021\/wp-json\/wp\/v2\/users\/1"}],"replies":[{"embeddable":true,"href":"https:\/\/ligana104.com.br\/2021\/wp-json\/wp\/v2\/comments?post=5201"}],"version-history":[{"count":1,"href":"https:\/\/ligana104.com.br\/2021\/wp-json\/wp\/v2\/posts\/5201\/revisions"}],"predecessor-version":[{"id":5203,"href":"https:\/\/ligana104.com.br\/2021\/wp-json\/wp\/v2\/posts\/5201\/revisions\/5203"}],"wp:featuredmedia":[{"embeddable":true,"href":"https:\/\/ligana104.com.br\/2021\/wp-json\/wp\/v2\/media\/5202"}],"wp:attachment":[{"href":"https:\/\/ligana104.com.br\/2021\/wp-json\/wp\/v2\/media?parent=5201"}],"wp:term":[{"taxonomy":"category","embeddable":true,"href":"https:\/\/ligana104.com.br\/2021\/wp-json\/wp\/v2\/categories?post=5201"},{"taxonomy":"post_tag","embeddable":true,"href":"https:\/\/ligana104.com.br\/2021\/wp-json\/wp\/v2\/tags?post=5201"}],"curies":[{"name":"wp","href":"https:\/\/api.w.org\/{rel}","templated":true}]}}