{"id":5192,"date":"2024-01-23T19:00:52","date_gmt":"2024-01-23T21:00:52","guid":{"rendered":"https:\/\/ligana104.com.br\/2021\/2024\/01\/23\/delatado-como-mandante-da-morte-de-marielle-fez-campanha-para-dilma\/"},"modified":"2024-01-23T19:00:53","modified_gmt":"2024-01-23T21:00:53","slug":"delatado-como-mandante-da-morte-de-marielle-fez-campanha-para-dilma","status":"publish","type":"post","link":"https:\/\/ligana104.com.br\/2021\/2024\/01\/23\/delatado-como-mandante-da-morte-de-marielle-fez-campanha-para-dilma\/","title":{"rendered":"Delatado como mandante da morte de Marielle fez campanha para Dilma"},"content":{"rendered":"<p> <br \/>\n<\/p>\n<div data-id=\"16dae40\" data-element_type=\"widget\" data-widget_type=\"theme-post-content.default\">\n<div class=\"elementor-widget-container\">\n<p data-reader-unique-id=\"1\">Delatado \u00e0 <a href=\"https:\/\/www.gov.br\/pf\/pt-br\" rel=\"noopener\" data-reader-unique-id=\"3\">Pol\u00edcia Federal<\/a> como mandante da morte de Marielle Franco, Domingos Braz\u00e3o atuava com desenvoltura no espectro do Centr\u00e3o da pol\u00edtica fluminense, antes de virar conselheiro do TCE-RJ. Na \u00faltima elei\u00e7\u00e3o presidencial na qual p\u00f4de se manifestar, declarou apoio \u00e0 reelei\u00e7\u00e3o de Dilma Rousseff, em 2014.<\/p>\n<p data-reader-unique-id=\"10\">Naquele ano, pediu votos para a ent\u00e3o presidente, em carreata ao lado do deputado federal Eduardo Cunha (MDB). Meses depois, Braz\u00e3o angariou apoio na Assembleia Legislativa do Rio, inclusive do PT, para ser indicado ao TCE. Na ocasi\u00e3o, Jorge Picciani, do mesmo partido de Braz\u00e3o, presidia a Alerj.<\/p>\n<p><span data-reader-unique-id=\"12\"><strong data-amp-bind-text=\"+selectedSlide_42 + 1\" data-reader-unique-id=\"13\">1<\/strong>\/5<\/span><\/p>\n<p data-reader-unique-id=\"38\">Na elei\u00e7\u00e3o em que Domingos Braz\u00e3o apoiou Dilma, o MDB \u201crachou\u201d estrategicamente. Parte da sigla optou pelo apoio \u00e0 petista, e outra, pelo ent\u00e3o candidato A\u00e9cio Neves (PSDB). Jorge Picciani, por exemplo, divergiu de Braz\u00e3o e declarou apoio ao tucano.<\/p>\n<p data-reader-unique-id=\"41\">Dessa forma, o MDB conseguiria garantir participa\u00e7\u00e3o no futuro governo, independentemente de quem fosse escolhido presidente da Rep\u00fablica.<\/p>\n<p data-reader-unique-id=\"65\">Em 2022, o deputado federal Chiquinho Braz\u00e3o, irm\u00e3o de Domingos, fez campanha para Bolsonaro no pleito contra Lula.<\/p>\n<p data-reader-unique-id=\"69\">Em maio, a coluna revelou que Domingos Braz\u00e3o havia sido apontado como o mandante da morte de Marielle por um dos investigados.<\/p>\n<\/p><\/div><\/div>\n<p><br \/>\n<br \/><a href=\"https:\/\/rgtnews.com.br\/noticias\/politica\/delatado-como-mandante-da-morte-de-marielle-fez-campanha-para-dilma\/?utm_source=rss&#038;utm_medium=rss&#038;utm_campaign=delatado-como-mandante-da-morte-de-marielle-fez-campanha-para-dilma\">Fonte da Noticia <\/a><\/p>\n","protected":false},"excerpt":{"rendered":"<p>Delatado \u00e0 Pol\u00edcia Federal como mandante da morte de Marielle Franco, Domingos Braz\u00e3o atuava com desenvoltura no espectro do Centr\u00e3o da pol\u00edtica fluminense, antes de virar conselheiro do TCE-RJ. Na \u00faltima elei\u00e7\u00e3o presidencial na qual p\u00f4de se manifestar, declarou apoio \u00e0 reelei\u00e7\u00e3o de Dilma Rousseff, em 2014. Naquele ano, pediu votos para a ent\u00e3o presidente, [&hellip;]<\/p>\n","protected":false},"author":1,"featured_media":5193,"comment_status":"closed","ping_status":"closed","sticky":false,"template":"","format":"standard","meta":[],"categories":[1],"tags":[],"_links":{"self":[{"href":"https:\/\/ligana104.com.br\/2021\/wp-json\/wp\/v2\/posts\/5192"}],"collection":[{"href":"https:\/\/ligana104.com.br\/2021\/wp-json\/wp\/v2\/posts"}],"about":[{"href":"https:\/\/ligana104.com.br\/2021\/wp-json\/wp\/v2\/types\/post"}],"author":[{"embeddable":true,"href":"https:\/\/ligana104.com.br\/2021\/wp-json\/wp\/v2\/users\/1"}],"replies":[{"embeddable":true,"href":"https:\/\/ligana104.com.br\/2021\/wp-json\/wp\/v2\/comments?post=5192"}],"version-history":[{"count":1,"href":"https:\/\/ligana104.com.br\/2021\/wp-json\/wp\/v2\/posts\/5192\/revisions"}],"predecessor-version":[{"id":5194,"href":"https:\/\/ligana104.com.br\/2021\/wp-json\/wp\/v2\/posts\/5192\/revisions\/5194"}],"wp:featuredmedia":[{"embeddable":true,"href":"https:\/\/ligana104.com.br\/2021\/wp-json\/wp\/v2\/media\/5193"}],"wp:attachment":[{"href":"https:\/\/ligana104.com.br\/2021\/wp-json\/wp\/v2\/media?parent=5192"}],"wp:term":[{"taxonomy":"category","embeddable":true,"href":"https:\/\/ligana104.com.br\/2021\/wp-json\/wp\/v2\/categories?post=5192"},{"taxonomy":"post_tag","embeddable":true,"href":"https:\/\/ligana104.com.br\/2021\/wp-json\/wp\/v2\/tags?post=5192"}],"curies":[{"name":"wp","href":"https:\/\/api.w.org\/{rel}","templated":true}]}}