{"id":5189,"date":"2024-01-23T17:49:54","date_gmt":"2024-01-23T19:49:54","guid":{"rendered":"https:\/\/ligana104.com.br\/2021\/2024\/01\/23\/semed-realiza-reuniao-com-diretores-e-coordenadores\/"},"modified":"2024-01-23T17:49:56","modified_gmt":"2024-01-23T19:49:56","slug":"semed-realiza-reuniao-com-diretores-e-coordenadores","status":"publish","type":"post","link":"https:\/\/ligana104.com.br\/2021\/2024\/01\/23\/semed-realiza-reuniao-com-diretores-e-coordenadores\/","title":{"rendered":"Semed realiza reuni\u00e3o com diretores e coordenadores"},"content":{"rendered":"<p> <br \/>\n<\/p>\n<div id=\"infocoweb_corpo\">\n<p>Com o in\u00edcio das aulas previsto para o pr\u00f3ximo dia 29 de janeiro, a Secretaria Municipal de Educa\u00e7\u00e3o (Semed) realizou uma reuni\u00e3o de trabalho, nesta desta ter\u00e7a-feira (23), com os diretores e coordenadores escolares da rede municipal de ensino (Reme). <\/p>\n<p>Realizada no audit\u00f3rio do Centro de Atendimento Comercial do Servi\u00e7o de Saneamento Ambiental de Rondon\u00f3polis (Sanear), localizado na rua Dom Pedro II, a reuni\u00e3o de trabalho com diretores e coordenadores teve como objetivo orientar e tirar d\u00favidas sobre o que ser\u00e1 feito durante o ano letivo de 2024.<\/p>\n<p>\u201cEste encontro foi importante repassar aos diretores e coordenadores informa\u00e7\u00f5es sobre o projeto pedag\u00f3gico, tirar d\u00favidas sobre quest\u00f5es ligadas \u00e0 gest\u00e3o e administra\u00e7\u00e3o das unidades educacionais, presta\u00e7\u00e3o de contas de recursos. Enfim, serviu para alinhar a\u00e7\u00f5es que ser\u00e3o aplicadas neste ano letivo\u201d, disse a secret\u00e1ria municipal de Educa\u00e7\u00e3o, Mara Gleibe. <\/p>\n<p>A reuni\u00e3o foi acompanhada pelo presidente do Sanear, Paulo Jos\u00e9, e o vereador Reginaldo Santos.<\/p>\n<figure><\/figure>\n<p id=\"infocoweb_fonte\" class=\"infocoweb_fonte\">Fonte: <a target=\"_blank\" href=\"http:\/\/www.rondonopolis.mt.gov.br\/noticias\/semed-realiza-reuniao-com-diretores-e-coordenadores\/#1497ba5a-2447-4139-842a-5c6063298751\" rel=\"noopener\">Prefeitura de Rondon\u00f3polis \u2013 MT<\/a><\/p>\n<\/div>\n<p><br \/>\n<br \/><a href=\"https:\/\/nmt.com.br\/2024\/01\/23\/semed-realiza-reuniao-com-diretores-e-coordenadores\/\">Fonte da Noticia <\/a><\/p>\n","protected":false},"excerpt":{"rendered":"<p>Com o in\u00edcio das aulas previsto para o pr\u00f3ximo dia 29 de janeiro, a Secretaria Municipal de Educa\u00e7\u00e3o (Semed) realizou uma reuni\u00e3o de trabalho, nesta desta ter\u00e7a-feira (23), com os diretores e coordenadores escolares da rede municipal de ensino (Reme). Realizada no audit\u00f3rio do Centro de Atendimento Comercial do Servi\u00e7o de Saneamento Ambiental de Rondon\u00f3polis [&hellip;]<\/p>\n","protected":false},"author":1,"featured_media":5190,"comment_status":"closed","ping_status":"closed","sticky":false,"template":"","format":"standard","meta":[],"categories":[1],"tags":[],"_links":{"self":[{"href":"https:\/\/ligana104.com.br\/2021\/wp-json\/wp\/v2\/posts\/5189"}],"collection":[{"href":"https:\/\/ligana104.com.br\/2021\/wp-json\/wp\/v2\/posts"}],"about":[{"href":"https:\/\/ligana104.com.br\/2021\/wp-json\/wp\/v2\/types\/post"}],"author":[{"embeddable":true,"href":"https:\/\/ligana104.com.br\/2021\/wp-json\/wp\/v2\/users\/1"}],"replies":[{"embeddable":true,"href":"https:\/\/ligana104.com.br\/2021\/wp-json\/wp\/v2\/comments?post=5189"}],"version-history":[{"count":1,"href":"https:\/\/ligana104.com.br\/2021\/wp-json\/wp\/v2\/posts\/5189\/revisions"}],"predecessor-version":[{"id":5191,"href":"https:\/\/ligana104.com.br\/2021\/wp-json\/wp\/v2\/posts\/5189\/revisions\/5191"}],"wp:featuredmedia":[{"embeddable":true,"href":"https:\/\/ligana104.com.br\/2021\/wp-json\/wp\/v2\/media\/5190"}],"wp:attachment":[{"href":"https:\/\/ligana104.com.br\/2021\/wp-json\/wp\/v2\/media?parent=5189"}],"wp:term":[{"taxonomy":"category","embeddable":true,"href":"https:\/\/ligana104.com.br\/2021\/wp-json\/wp\/v2\/categories?post=5189"},{"taxonomy":"post_tag","embeddable":true,"href":"https:\/\/ligana104.com.br\/2021\/wp-json\/wp\/v2\/tags?post=5189"}],"curies":[{"name":"wp","href":"https:\/\/api.w.org\/{rel}","templated":true}]}}