{"id":5186,"date":"2024-01-23T16:40:12","date_gmt":"2024-01-23T18:40:12","guid":{"rendered":"https:\/\/ligana104.com.br\/2021\/2024\/01\/23\/piloto-morre-em-acidente-entre-gol-e-moto-bmw-em-cuiaba-veja\/"},"modified":"2024-01-23T16:40:13","modified_gmt":"2024-01-23T18:40:13","slug":"piloto-morre-em-acidente-entre-gol-e-moto-bmw-em-cuiaba-veja","status":"publish","type":"post","link":"https:\/\/ligana104.com.br\/2021\/2024\/01\/23\/piloto-morre-em-acidente-entre-gol-e-moto-bmw-em-cuiaba-veja\/","title":{"rendered":"Piloto morre em acidente entre gol e moto BMW em Cuiab\u00e1; veja"},"content":{"rendered":"<p> <br \/>\n<\/p>\n<p>Na manh\u00e3 desta ter\u00e7a-feira (23), Jos\u00e9 Augusto Marins Rabelo, de 45 anos, morreu em um acidente na Avenida da FEB, em V\u00e1rzea Grande. Conduzindo uma motocicleta de mil cilindradas, ele colidiu com outra moto, desencadeando uma sequ\u00eancia envolvendo tamb\u00e9m um carro de passeio. A v\u00edtima n\u00e3o resistiu aos ferimentos.<\/p>\n<p>Segundo relatos do SBT Comunidade, os motociclistas desciam pela avenida em dire\u00e7\u00e3o a Cuiab\u00e1, quando um dos condutores teria esbarrado no outro, resultando na perda de controle e queda de Jos\u00e9 Augusto.<\/p>\n<div style=\"width: 848px\" class=\"wp-video\"><!--[if lt IE 9]&gt;document.createElement('video');&lt;![endif]--><br \/>\n<video class=\"wp-video-shortcode\" id=\"video-27008-1\" width=\"848\" height=\"480\" preload=\"metadata\" controls=\"controls\">http:\/\/rgtnews.com.br\/wp-content\/uploads\/2024\/01\/bf8ac63c-0f46-4d3d-aeae-6e7deff59671.mp4<\/video><\/div>\n<p>A Guarda Municipal de V\u00e1rzea Grande interveio para controlar o tr\u00e2nsito, enquanto a Delegacia Especializada em Delitos de Tr\u00e2nsito (Deletran) da Pol\u00edcia Civil se dirigiu ao local para investigar as circunst\u00e2ncias do acidente.<\/p>\n<p>O acidente intensificou o caos no tr\u00e1fego, levando ao bloqueio da avenida.<\/p>\n<p>Motoristas est\u00e3o sendo desviados para o bairro da Manga, com acesso \u00e0 Avenida Dom Orlando Chaves.<\/p>\n<p><br \/>\n<br \/><a href=\"https:\/\/rgtnews.com.br\/destaque\/piloto-morre-em-acidente-entre-gol-e-moto-bmw-em-cuiaba-veja\/?utm_source=rss&#038;utm_medium=rss&#038;utm_campaign=piloto-morre-em-acidente-entre-gol-e-moto-bmw-em-cuiaba-veja\">Fonte da Noticia <\/a><\/p>\n","protected":false},"excerpt":{"rendered":"<p>Na manh\u00e3 desta ter\u00e7a-feira (23), Jos\u00e9 Augusto Marins Rabelo, de 45 anos, morreu em um acidente na Avenida da FEB, em V\u00e1rzea Grande. Conduzindo uma motocicleta de mil cilindradas, ele colidiu com outra moto, desencadeando uma sequ\u00eancia envolvendo tamb\u00e9m um carro de passeio. A v\u00edtima n\u00e3o resistiu aos ferimentos. Segundo relatos do SBT Comunidade, os [&hellip;]<\/p>\n","protected":false},"author":1,"featured_media":5187,"comment_status":"closed","ping_status":"closed","sticky":false,"template":"","format":"standard","meta":[],"categories":[1],"tags":[],"_links":{"self":[{"href":"https:\/\/ligana104.com.br\/2021\/wp-json\/wp\/v2\/posts\/5186"}],"collection":[{"href":"https:\/\/ligana104.com.br\/2021\/wp-json\/wp\/v2\/posts"}],"about":[{"href":"https:\/\/ligana104.com.br\/2021\/wp-json\/wp\/v2\/types\/post"}],"author":[{"embeddable":true,"href":"https:\/\/ligana104.com.br\/2021\/wp-json\/wp\/v2\/users\/1"}],"replies":[{"embeddable":true,"href":"https:\/\/ligana104.com.br\/2021\/wp-json\/wp\/v2\/comments?post=5186"}],"version-history":[{"count":1,"href":"https:\/\/ligana104.com.br\/2021\/wp-json\/wp\/v2\/posts\/5186\/revisions"}],"predecessor-version":[{"id":5188,"href":"https:\/\/ligana104.com.br\/2021\/wp-json\/wp\/v2\/posts\/5186\/revisions\/5188"}],"wp:featuredmedia":[{"embeddable":true,"href":"https:\/\/ligana104.com.br\/2021\/wp-json\/wp\/v2\/media\/5187"}],"wp:attachment":[{"href":"https:\/\/ligana104.com.br\/2021\/wp-json\/wp\/v2\/media?parent=5186"}],"wp:term":[{"taxonomy":"category","embeddable":true,"href":"https:\/\/ligana104.com.br\/2021\/wp-json\/wp\/v2\/categories?post=5186"},{"taxonomy":"post_tag","embeddable":true,"href":"https:\/\/ligana104.com.br\/2021\/wp-json\/wp\/v2\/tags?post=5186"}],"curies":[{"name":"wp","href":"https:\/\/api.w.org\/{rel}","templated":true}]}}