{"id":5183,"date":"2024-01-23T15:34:05","date_gmt":"2024-01-23T17:34:05","guid":{"rendered":"https:\/\/ligana104.com.br\/2021\/2024\/01\/23\/empresarios-preveem-demissoes-em-massa-com-plano-diretor-de-patio\/"},"modified":"2024-01-23T15:34:06","modified_gmt":"2024-01-23T17:34:06","slug":"empresarios-preveem-demissoes-em-massa-com-plano-diretor-de-patio","status":"publish","type":"post","link":"https:\/\/ligana104.com.br\/2021\/2024\/01\/23\/empresarios-preveem-demissoes-em-massa-com-plano-diretor-de-patio\/","title":{"rendered":"Empres\u00e1rios preveem demiss\u00f5es em massa com plano diretor de P\u00e1tio"},"content":{"rendered":"<p> <br \/>\n<\/p>\n<div>\n<p>O texto aprovado em primeira vota\u00e7\u00e3o, na semana passada, na C\u00e2mara Municipal de Vereadores, previsto para entrar novamente em pauta, nesta semana, com fun\u00e7\u00e3o de ajustar os termos finais do novo Plano Diretor de Rondon\u00f3polis, pode ser o gatilho para demiss\u00f5es em massa na cidade, prejudicando ent\u00e3o sobretudo as chamadas classes populares.<\/p>\n<p>A previs\u00e3o \u00e9 de empres\u00e1rios que h\u00e1 mais de 30 anos investem e conhecem a economia local, bem como suas tend\u00eancias. Embora entidades representativas tenham se manifestado em audi\u00eancias p\u00fablicas, amparadas em pareceres t\u00e9cnicos, o texto elaborado pelo Executivo Municipal ignorou estas contribui\u00e7\u00f5es e fechou quest\u00e3o em controversos.<\/p>\n<p>A avalia\u00e7\u00e3o quase un\u00e2nime de quem vive o dia a dia dos setores da constru\u00e7\u00e3o civil e imobili\u00e1rio, por exemplo, talvez os mais crescentes da cidade, \u00e9 que se emendas parlamentares n\u00e3o transformarem quase que por completo o conte\u00fado aprovado, em primeiro momento, ser\u00e1 criado um ambiente hostil para o desenvolvimento dos diversos setores que dependem da engrenagem complexa que orbita na literal constru\u00e7\u00e3o da cidade.<\/p>\n<p>O grande temor \u00e9 que o projeto do prefeito seja, na pr\u00e1tica, um balde de \u00e1gua fria em cima de uma economia em plena ebuli\u00e7\u00e3o.<\/p>\n<p>\u201cTemos a miss\u00e3o de gerar emprego na cidade e o setor da constru\u00e7\u00e3o civil alimenta toda uma cadeia econ\u00f4mica. O que a gente pede \u00e9 um bom senso do legislativo e executivo. Existiram sugest\u00f5es de setores t\u00e9cnicos e a gente pede \u00e9 para que estas contribui\u00e7\u00f5es sejam acatadas\u201d, apela Neles Walter Farias, h\u00e1 32 anos no mercado e respons\u00e1vel por gerar, diretamente, 150 empregos em Rondon\u00f3polis.<\/p>\n<p>Ativo na vida institucional do setor que atua, sendo membro de destaque de agremia\u00e7\u00f5es como a Fecomercio, FCDL, CDL, ACOMAC\/MT, Neles v\u00ea um enfranquecimento por completo de Rondon\u00f3polis, caso prospere a vontade inicial do Executivo Municipal.<\/p>\n<p>\u201cCada empresa nova que chega na cidade traz novos impostos pra enriquecer o caixa local, agregar receita para termos hoje o or\u00e7amento de mais de R$ 2 bilh\u00f5es no Munic\u00edpio, que possibilitam as v\u00e1rias a\u00e7\u00f5es do Poder P\u00fablico. Isso sem contar na gera\u00e7\u00e3o de emprego direta que d\u00e1 ao munic\u00edpio toda esta for\u00e7a, reconhecida em todo Brasil. N\u00e3o podemos ir na contram\u00e3o das outras cidades de Mato Grosso, que est\u00e3o fazendo de tudo para atrair capital. Nossos concorrentes s\u00e3o fortes\u201d, alertou.<\/p>\n<p>Dentre as poss\u00edveis altera\u00e7\u00f5es mais pol\u00eamicas, consta no Plano Diretor o aumento da margem de 100 para 200 metros da \u00e1rea n\u00e3o edific\u00e1vel \u00e0s margens do Rio Vermelho, o que pode provocar a demoli\u00e7\u00e3o de im\u00f3veis comerciais e residenciais que existem h\u00e1 d\u00e9cadas na localidade. Outra quest\u00e3o refere-se a limita\u00e7\u00f5es de andares em pr\u00e9dios verticais e de dist\u00e2ncia entre um condom\u00ednio e outro, dentre outros dispositivos legais que aumentar\u00e3o decisivamente a burocracia e o custo, praticamente inviabilizando diversos empreendimentos j\u00e1 em fase de instala\u00e7\u00e3o.<\/p>\n<p>O empres\u00e1rio Thiago Muniz exaltou os quase R$ 2 bilh\u00f5es de compra e venda de im\u00f3veis na cidade, em 2022, para criticar a postura do prefeito e reiterar a chamada de aten\u00e7\u00e3o feita por Neles.<\/p>\n<p>\u201cO Executivo age neste plano diretor como se o recurso que vai para a Prefeitura n\u00e3o tivesse em boa parcela a contribui\u00e7\u00e3o deste setor e de tantos outros que est\u00e3o sendo afetados com esse proposta. \u00c9 como se a Prefeitura fosse uma empresa e estivesse disposta a criar dificuldades para um de seus melhores clientes, \u00e9 insano. O Poder P\u00fablico precisa ser t\u00e9cnico, pol\u00edtico e sens\u00edvel porque o percentual de erro precisa ser zero. O estudo de impacto desta proposta simplesmente parece que n\u00e3o existiu porque o que pode vir \u00e9 uma cat\u00e1strofe generalizada. Sorte da cidade \u00e9 que os vereadores certamente corrigir\u00e3o estas graves distor\u00e7\u00f5es\u201d, manifestou-se.<\/p>\n<\/p><\/div>\n<p><br \/>\n<br \/><a href=\"https:\/\/rgtnews.com.br\/destaque\/empresarios-preveem-demissoes-em-massa-com-plano-diretor-de-patio\/?utm_source=rss&#038;utm_medium=rss&#038;utm_campaign=empresarios-preveem-demissoes-em-massa-com-plano-diretor-de-patio\">Fonte da Noticia <\/a><\/p>\n","protected":false},"excerpt":{"rendered":"<p>O texto aprovado em primeira vota\u00e7\u00e3o, na semana passada, na C\u00e2mara Municipal de Vereadores, previsto para entrar novamente em pauta, nesta semana, com fun\u00e7\u00e3o de ajustar os termos finais do novo Plano Diretor de Rondon\u00f3polis, pode ser o gatilho para demiss\u00f5es em massa na cidade, prejudicando ent\u00e3o sobretudo as chamadas classes populares. A previs\u00e3o \u00e9 [&hellip;]<\/p>\n","protected":false},"author":1,"featured_media":5184,"comment_status":"closed","ping_status":"closed","sticky":false,"template":"","format":"standard","meta":[],"categories":[1],"tags":[],"_links":{"self":[{"href":"https:\/\/ligana104.com.br\/2021\/wp-json\/wp\/v2\/posts\/5183"}],"collection":[{"href":"https:\/\/ligana104.com.br\/2021\/wp-json\/wp\/v2\/posts"}],"about":[{"href":"https:\/\/ligana104.com.br\/2021\/wp-json\/wp\/v2\/types\/post"}],"author":[{"embeddable":true,"href":"https:\/\/ligana104.com.br\/2021\/wp-json\/wp\/v2\/users\/1"}],"replies":[{"embeddable":true,"href":"https:\/\/ligana104.com.br\/2021\/wp-json\/wp\/v2\/comments?post=5183"}],"version-history":[{"count":1,"href":"https:\/\/ligana104.com.br\/2021\/wp-json\/wp\/v2\/posts\/5183\/revisions"}],"predecessor-version":[{"id":5185,"href":"https:\/\/ligana104.com.br\/2021\/wp-json\/wp\/v2\/posts\/5183\/revisions\/5185"}],"wp:featuredmedia":[{"embeddable":true,"href":"https:\/\/ligana104.com.br\/2021\/wp-json\/wp\/v2\/media\/5184"}],"wp:attachment":[{"href":"https:\/\/ligana104.com.br\/2021\/wp-json\/wp\/v2\/media?parent=5183"}],"wp:term":[{"taxonomy":"category","embeddable":true,"href":"https:\/\/ligana104.com.br\/2021\/wp-json\/wp\/v2\/categories?post=5183"},{"taxonomy":"post_tag","embeddable":true,"href":"https:\/\/ligana104.com.br\/2021\/wp-json\/wp\/v2\/tags?post=5183"}],"curies":[{"name":"wp","href":"https:\/\/api.w.org\/{rel}","templated":true}]}}