{"id":5180,"date":"2024-01-23T14:32:57","date_gmt":"2024-01-23T16:32:57","guid":{"rendered":"https:\/\/ligana104.com.br\/2021\/2024\/01\/23\/sem-a-choquei-moraes-prorroga-inquerito-de-milicias-digitais\/"},"modified":"2024-01-23T14:32:58","modified_gmt":"2024-01-23T16:32:58","slug":"sem-a-choquei-moraes-prorroga-inquerito-de-milicias-digitais","status":"publish","type":"post","link":"https:\/\/ligana104.com.br\/2021\/2024\/01\/23\/sem-a-choquei-moraes-prorroga-inquerito-de-milicias-digitais\/","title":{"rendered":"Sem a Choquei, Moraes prorroga inqu\u00e9rito de \u2018mil\u00edcias digitais\u2019"},"content":{"rendered":"<p> <br \/>\n<\/p>\n<div>\n<p data-reader-unique-id=\"9\">O ministro Alexandre de Moraes, do Supremo Tribunal Federal (STF), prorrogou, nesta segunda-feira (22), o inqu\u00e9rito que apura uma suposta atua\u00e7\u00e3o de \u201cmil\u00edcias digitais\u201d nas redes sociais para divulga\u00e7\u00e3o de desinforma\u00e7\u00e3o contra \u00e0s institui\u00e7\u00f5es brasileiras durante o governo do ex-presidente Jair Bolsonaro (PL). Esta \u00e9 a nona vez que o magistrado prorroga o inqu\u00e9rito.<\/p>\n<p data-reader-unique-id=\"11\">Com a decis\u00e3o, a Pol\u00edcia Federal (PF) ter\u00e1 mais 90 dias para concluir as investiga\u00e7\u00f5es. O pedido de mais prazo para encerrar as investiga\u00e7\u00f5es foi feito pelos delegados respons\u00e1veis pelo caso. Em setembro do ano passado, Moraes tamb\u00e9m prorrogou o inqu\u00e9rito pelo mesmo prazo.<\/p>\n<p data-reader-unique-id=\"29\">O inqu\u00e9rito aberto no Supremo por determina\u00e7\u00e3o de Alexandre de Moraes avalia uma suposta atua\u00e7\u00e3o de organiza\u00e7\u00e3o criminosa para atentar contra o estado democr\u00e1tico de direito. Em outubro de 2023, Moraes incluiu o relat\u00f3rio final da Comiss\u00e3o Parlamentar Mista de Inqu\u00e9rito (CPMI) do 8 janeiro nas investiga\u00e7\u00f5es. O relat\u00f3rio marcou o fim dos trabalhos da comiss\u00e3o e indiciou 61 pessoas, entre elas, Jair Bolsonaro.<\/p>\n<p data-reader-unique-id=\"30\">O material cont\u00e9m 1,3 mil p\u00e1ginas e 7 terabytes de arquivos digitais, incluindo imagens, v\u00eddeos e diversos documentos que embasaram os indiciamentos.<\/p>\n<p data-reader-unique-id=\"31\"><strong data-reader-unique-id=\"32\">\u201cNADA DA POL\u00cdCIA FEDERAL BATER NA PORTA DOS DONOS DA CHOQUEI?\u201d<\/strong><\/p>\n<figure data-reader-unique-id=\"33\">\n<div data-reader-unique-id=\"34\"><\/div><figcaption data-reader-unique-id=\"36\">Nikolas Ferreira atua para que caso Choquei n\u00e3o caia no esquecimento <span data-reader-unique-id=\"37\">Foto: Bruno Spada\/C\u00e2mara dos Deputados; Foto: Reprodu\u00e7\u00e3o<\/span><\/figcaption><\/figure>\n<p data-reader-unique-id=\"38\">O deputado federal Nikolas Ferreira (PL-MG), voz perseverante na luta por justi\u00e7a \u00e0 vida da jovem J\u00e9ssica Vit\u00f3ria, vem denunciando a impunidade seletiva no Brasil e o discrepante tratamento do Judici\u00e1rio dispensado a grupos progressistas e conservadores.<\/p>\n<p data-reader-unique-id=\"39\">\u2013 E nada da Pol\u00edcia Federal bater na porta dos donos da Choquei? \u2013 questionou o parlamentar em seu perfil na rede social X, antigo Twitter, no dia 7 deste m\u00eas.<\/p>\n<p data-reader-unique-id=\"40\">Nikolas cobrou, mais uma vez, puni\u00e7\u00e3o aos envolvidos e voltou a lembrar da fam\u00edlia de J\u00e9ssica Vit\u00f3ria, que anseia por justi\u00e7a.<\/p>\n<p data-reader-unique-id=\"41\">\u2013 A m\u00e3e da Jessica perdeu uma filha e nada ser\u00e1 feito?<\/p>\n<p data-reader-unique-id=\"42\">O deputado ressaltou que o perfil da Choquei segue ativo sem que qualquer provid\u00eancia tenha sido tomada.<\/p>\n<p data-reader-unique-id=\"43\">\u2013 Choquei seguir\u00e1 postando sem ser responsabilizada? \u2013 cobrou.<\/p>\n<p data-reader-unique-id=\"44\">Em meio ao sil\u00eancio do Judici\u00e1rio, da imprensa e das autoridades diante de um esc\u00e2ndalo que revolta os brasileiros, o pol\u00edtico desabafou:<\/p>\n<p data-reader-unique-id=\"45\">\u2013 O Brasil \u00e9 desanimador.<\/p>\n<p data-reader-unique-id=\"46\"><img decoding=\"async\" class=\"extendsBeyondTextColumn\" src=\"https:\/\/static.cdn.pleno.news\/2024\/01\/NF-PN.png\" sizes=\"(max-width: 581px) 100vw, 581px\" srcset=\"https:\/\/static.cdn.pleno.news\/2024\/01\/NF-PN.png 581w, https:\/\/static.cdn.pleno.news\/2024\/01\/NF-PN-300x94.png 300w, https:\/\/static.cdn.pleno.news\/2024\/01\/NF-PN-258x81.png 258w, https:\/\/static.cdn.pleno.news\/2024\/01\/NF-PN-250x78.png 250w, https:\/\/static.cdn.pleno.news\/2024\/01\/NF-PN-27x8.png 27w\" alt=\"\" data-reader-unique-id=\"47\"\/><\/p>\n<p data-reader-unique-id=\"48\">*Com informa\u00e7\u00f5es Ag\u00eancia Brasil<\/p>\n<\/p><\/div>\n<p><br \/>\n<br \/><a href=\"https:\/\/rgtnews.com.br\/noticias\/politica\/sem-a-choquei-moraes-prorroga-inquerito-de-milicias-digitais\/?utm_source=rss&#038;utm_medium=rss&#038;utm_campaign=sem-a-choquei-moraes-prorroga-inquerito-de-milicias-digitais\">Fonte da Noticia <\/a><\/p>\n","protected":false},"excerpt":{"rendered":"<p>O ministro Alexandre de Moraes, do Supremo Tribunal Federal (STF), prorrogou, nesta segunda-feira (22), o inqu\u00e9rito que apura uma suposta atua\u00e7\u00e3o de \u201cmil\u00edcias digitais\u201d nas redes sociais para divulga\u00e7\u00e3o de desinforma\u00e7\u00e3o contra \u00e0s institui\u00e7\u00f5es brasileiras durante o governo do ex-presidente Jair Bolsonaro (PL). Esta \u00e9 a nona vez que o magistrado prorroga o inqu\u00e9rito. Com [&hellip;]<\/p>\n","protected":false},"author":1,"featured_media":5181,"comment_status":"closed","ping_status":"closed","sticky":false,"template":"","format":"standard","meta":[],"categories":[1],"tags":[],"_links":{"self":[{"href":"https:\/\/ligana104.com.br\/2021\/wp-json\/wp\/v2\/posts\/5180"}],"collection":[{"href":"https:\/\/ligana104.com.br\/2021\/wp-json\/wp\/v2\/posts"}],"about":[{"href":"https:\/\/ligana104.com.br\/2021\/wp-json\/wp\/v2\/types\/post"}],"author":[{"embeddable":true,"href":"https:\/\/ligana104.com.br\/2021\/wp-json\/wp\/v2\/users\/1"}],"replies":[{"embeddable":true,"href":"https:\/\/ligana104.com.br\/2021\/wp-json\/wp\/v2\/comments?post=5180"}],"version-history":[{"count":1,"href":"https:\/\/ligana104.com.br\/2021\/wp-json\/wp\/v2\/posts\/5180\/revisions"}],"predecessor-version":[{"id":5182,"href":"https:\/\/ligana104.com.br\/2021\/wp-json\/wp\/v2\/posts\/5180\/revisions\/5182"}],"wp:featuredmedia":[{"embeddable":true,"href":"https:\/\/ligana104.com.br\/2021\/wp-json\/wp\/v2\/media\/5181"}],"wp:attachment":[{"href":"https:\/\/ligana104.com.br\/2021\/wp-json\/wp\/v2\/media?parent=5180"}],"wp:term":[{"taxonomy":"category","embeddable":true,"href":"https:\/\/ligana104.com.br\/2021\/wp-json\/wp\/v2\/categories?post=5180"},{"taxonomy":"post_tag","embeddable":true,"href":"https:\/\/ligana104.com.br\/2021\/wp-json\/wp\/v2\/tags?post=5180"}],"curies":[{"name":"wp","href":"https:\/\/api.w.org\/{rel}","templated":true}]}}