{"id":5165,"date":"2024-01-23T09:21:45","date_gmt":"2024-01-23T11:21:45","guid":{"rendered":"https:\/\/ligana104.com.br\/2021\/2024\/01\/23\/assaltante-que-participou-de-grave-assalto-e-apontaram-arma-na-cabeca-de-moradora-e-preso-em-rondonopolis\/"},"modified":"2024-01-23T09:21:45","modified_gmt":"2024-01-23T11:21:45","slug":"assaltante-que-participou-de-grave-assalto-e-apontaram-arma-na-cabeca-de-moradora-e-preso-em-rondonopolis","status":"publish","type":"post","link":"https:\/\/ligana104.com.br\/2021\/2024\/01\/23\/assaltante-que-participou-de-grave-assalto-e-apontaram-arma-na-cabeca-de-moradora-e-preso-em-rondonopolis\/","title":{"rendered":"Assaltante que participou de grave assalto e apontaram arma na cabe\u00e7a de moradora \u00e9 preso em Rondon\u00f3polis"},"content":{"rendered":"<p> <br \/>\n<\/p>\n<div data-id=\"16dae40\" data-element_type=\"widget\" data-widget_type=\"theme-post-content.default\">\n<div class=\"elementor-widget-container\">\n<p>A Pol\u00edcia Civil de Mato Grosso, por meio da Delegacia Especializada de Roubos e Furtos de Rondon\u00f3polis, cumpriu mandado de busca e apreens\u00e3o, al\u00e9m de pris\u00e3o preventiva, nesta segunda-feira, 22 de janeiro de 2024, de um suspeito de roubo ocorrido no Jardim Europa no final do ano de 2023.<\/p>\n<p>Conforme informa\u00e7\u00f5es, na ocasi\u00e3o, 3 (tr\u00eas) indiv\u00edduos, ap\u00f3s obterem a informa\u00e7\u00e3o de que a v\u00edtima possu\u00eda grande quantidade de dinheiro na conta e que morava sozinha, planejaram a invas\u00e3o \u00e0 resid\u00eancia para realizarem a subtra\u00e7\u00e3o dos valores.<\/p>\n<p>Assim, no dia dos fatos, adentraram no im\u00f3vel e renderam a mulher, apontando uma arma de fogo para sua cabe\u00e7a, amea\u00e7ando-a de morte a todo momento, caso n\u00e3o fornecesse a senha da sua conta banc\u00e1ria e cart\u00e3o de cr\u00e9dito. Em seguida, tentaram passar o cart\u00e3o em uma m\u00e1quina de pagamentos, mas n\u00e3o lograram \u00eaxito na subtra\u00e7\u00e3o dos valores, e fugiram levando o aparelho celular da v\u00edtima. Com o celular em m\u00e3os, ainda tentaram efetuar golpes se passando pela propriet\u00e1ria do aparelho.<\/p>\n<p>Com a investiga\u00e7\u00e3o foi poss\u00edvel chegar a um dos executores do delito, D. R. L. dos S., 21 anos, que teve sua pris\u00e3o preventiva decretada ap\u00f3s representa\u00e7\u00e3o judicial feita pela Pol\u00edcia Civil, sendo que, em interrogat\u00f3rio, o criminoso acabou confessando a sua participa\u00e7\u00e3o no delito. Ele ainda \u00e9 investigado pela pr\u00e1tica de um roubo cometido contra seu pr\u00f3prio av\u00f4 no munic\u00edpio de Pedra Preta\/MT.<\/p>\n<p>As investiga\u00e7\u00f5es continuam para identifica\u00e7\u00e3o e pris\u00e3o dos demais autores.<\/p>\n<\/p><\/div><\/div>\n<p><br \/>\n<br \/><a href=\"https:\/\/rgtnews.com.br\/noticias\/policia\/criminoso-que-participou-de-roubo-onde-vitima-ficou-com-arma-apontada-na-cabeca-sob-forte-ameaca-e-preso-em-rondonopolis\/?utm_source=rss&#038;utm_medium=rss&#038;utm_campaign=criminoso-que-participou-de-roubo-onde-vitima-ficou-com-arma-apontada-na-cabeca-sob-forte-ameaca-e-preso-em-rondonopolis\">Fonte da Noticia <\/a><\/p>\n","protected":false},"excerpt":{"rendered":"<p>A Pol\u00edcia Civil de Mato Grosso, por meio da Delegacia Especializada de Roubos e Furtos de Rondon\u00f3polis, cumpriu mandado de busca e apreens\u00e3o, al\u00e9m de pris\u00e3o preventiva, nesta segunda-feira, 22 de janeiro de 2024, de um suspeito de roubo ocorrido no Jardim Europa no final do ano de 2023. Conforme informa\u00e7\u00f5es, na ocasi\u00e3o, 3 (tr\u00eas) [&hellip;]<\/p>\n","protected":false},"author":1,"featured_media":5166,"comment_status":"closed","ping_status":"closed","sticky":false,"template":"","format":"standard","meta":[],"categories":[1],"tags":[],"_links":{"self":[{"href":"https:\/\/ligana104.com.br\/2021\/wp-json\/wp\/v2\/posts\/5165"}],"collection":[{"href":"https:\/\/ligana104.com.br\/2021\/wp-json\/wp\/v2\/posts"}],"about":[{"href":"https:\/\/ligana104.com.br\/2021\/wp-json\/wp\/v2\/types\/post"}],"author":[{"embeddable":true,"href":"https:\/\/ligana104.com.br\/2021\/wp-json\/wp\/v2\/users\/1"}],"replies":[{"embeddable":true,"href":"https:\/\/ligana104.com.br\/2021\/wp-json\/wp\/v2\/comments?post=5165"}],"version-history":[{"count":1,"href":"https:\/\/ligana104.com.br\/2021\/wp-json\/wp\/v2\/posts\/5165\/revisions"}],"predecessor-version":[{"id":5167,"href":"https:\/\/ligana104.com.br\/2021\/wp-json\/wp\/v2\/posts\/5165\/revisions\/5167"}],"wp:featuredmedia":[{"embeddable":true,"href":"https:\/\/ligana104.com.br\/2021\/wp-json\/wp\/v2\/media\/5166"}],"wp:attachment":[{"href":"https:\/\/ligana104.com.br\/2021\/wp-json\/wp\/v2\/media?parent=5165"}],"wp:term":[{"taxonomy":"category","embeddable":true,"href":"https:\/\/ligana104.com.br\/2021\/wp-json\/wp\/v2\/categories?post=5165"},{"taxonomy":"post_tag","embeddable":true,"href":"https:\/\/ligana104.com.br\/2021\/wp-json\/wp\/v2\/tags?post=5165"}],"curies":[{"name":"wp","href":"https:\/\/api.w.org\/{rel}","templated":true}]}}