{"id":5162,"date":"2024-01-22T19:16:53","date_gmt":"2024-01-22T21:16:53","guid":{"rendered":"https:\/\/ligana104.com.br\/2021\/2024\/01\/22\/prefeito-prestigia-reuniao-de-capacitacao-promovida-pela-sempras-a-entidades-assistenciais\/"},"modified":"2024-01-22T19:16:54","modified_gmt":"2024-01-22T21:16:54","slug":"prefeito-prestigia-reuniao-de-capacitacao-promovida-pela-sempras-a-entidades-assistenciais","status":"publish","type":"post","link":"https:\/\/ligana104.com.br\/2021\/2024\/01\/22\/prefeito-prestigia-reuniao-de-capacitacao-promovida-pela-sempras-a-entidades-assistenciais\/","title":{"rendered":"Prefeito prestigia reuni\u00e3o de capacita\u00e7\u00e3o promovida pela Sempras a entidades assistenciais"},"content":{"rendered":"<p> <br \/>\n<\/p>\n<div id=\"infocoweb_corpo\">\n<p>O prefeito Jos\u00e9 Carlos do P\u00e1tio prestigiou no in\u00edcio da tarde desta segunda-feira (22), uma reuni\u00e3o de trabalho promovida pela Secretaria Municipal de Promo\u00e7\u00e3o e Assist\u00eancia Social \u2013 Sempras cujo objetivo era orientar e capacitar as entidades assistenciais da sociedade civil organizada que possuem parceria com o munic\u00edpio para o recebimento de subven\u00e7\u00f5es, no sentido da organiza\u00e7\u00e3o documental para presta\u00e7\u00e3o de contas dos recursos recebidos, incluindo ai, a quest\u00e3o das subven\u00e7\u00f5es oriundas das emendas impositivas da C\u00e2mara de Vereadores.<\/p>\n<p>O prefeito parabenizou e agradeceu as entidades pelo trabalho realizado, onde muitas vezes fazem o papel do poder p\u00fablico. P\u00e1tio refor\u00e7ou seu compromisso com as entidades parcerias e disse que este ano vai procurar focar as a\u00e7\u00f5es e pol\u00edticas p\u00fablicas sociais no atendimento aos idosos da cidade.<\/p>\n<p>\u201cN\u00f3s j\u00e1 fizemos muito e vamos continuar a fazer pelos mais humildes! No caso das nossas crian\u00e7as, n\u00f3s temos feito um trabalho muito forte, para garantir qualidade de vida e cidadania. Mas n\u00f3s tamb\u00e9m devemos cuidar dos nossos velhinhos! A cidade hoje j\u00e1 conta com um n\u00famero significativo de idosos que precisam da aten\u00e7\u00e3o do poder p\u00fablico. E n\u00f3s vamos trabalhar fortemente para esse segmento da nossa sociedade\u201d, garantiu o prefeito.<\/p>\n<figure><strong><em><\/em><\/strong><\/figure>\n<p><em><strong>A secret\u00e1ria da Sempras Fabiana Rizati<\/strong><\/em>, explicou a raz\u00e3o da reuni\u00e3o cujo objetivo era de reafirmar termos de parceria nas modalidades fomento e colabora\u00e7\u00e3o. Na verdade, segundo ela: \u201cs\u00e3o entidades que prestam servi\u00e7os na \u00e1rea social e que o poder p\u00fablico delibera valores atrav\u00e9s de uma legisla\u00e7\u00e3o que foi publicada em dezembro de 2023. Ent\u00e3o realizamos o chamamento das institui\u00e7\u00f5es para fazer uma orienta\u00e7\u00e3o coletiva, dizendo sobre os valores, e quais as documenta\u00e7\u00f5es que a prefeitura precisa no momento; al\u00e9m de organizar os planos de trabalho para que a gente consiga fluir tanto com os planos e tamb\u00e9m com os recursos que ser\u00e3o aplicados nessa linha das entidades\u201d, explicou a secret\u00e1ria.<\/p>\n<p>Fabiana refor\u00e7ou a fala do prefeito, sobre as emendas impositivas em que parte das 36 entidades assistenciais com as quais a prefeitura tem parceria, e algumas delas tamb\u00e9m ser\u00e3o beneficiadas com as emendas impositivas dos vereadores. \u201cEnt\u00e3o a Sempras convidou e orientou os parceiros a como conduzir os trabalhos nessas duas frentes. Aquilo que o poder p\u00fablico j\u00e1 faz enquanto premissa e todos os anos vem fazendo, e essa agora novidade ai com essas emendas impositivas dos vereadores, j\u00e1 que o recursos s\u00e3o distintos e os planos de trabalho tamb\u00e9m\u201d, explicou.<\/p>\n<p>A secret\u00e1ria ainda refor\u00e7ou que a prefeitura j\u00e1 constituiu uma equipe de trabalho na secretaria para fazer toda a orienta\u00e7\u00e3o e o encaminhamento para conciliar o que ser\u00e1 aplicado de acordo com o que o poder p\u00fablico repassa (subven\u00e7\u00f5es) e aquilo que ser\u00e1 aplicado atrav\u00e9s das emendas impositivas, para que tamb\u00e9m seja acompanhado e verificadas as presta\u00e7\u00f5es de contas atrav\u00e9s do ordenamento das despesas e acompanhamento dos gastos. \u201cEnt\u00e3o hoje n\u00f3s nos reunimos aqui para qualificar, e orientar as entidades parceiras, informando de como a secretaria vai proceder em 2024 diante destas duas formas de financiamento, principalmente essa que \u00e9 uma inova\u00e7\u00e3o, que s\u00e3o os recursos das emendas impositivas\u201d, finalizou Fabiana Rizati.<\/p>\n<figure><img decoding=\"async\" src=\"https:\/\/urgentenews.com.br\/wp-content\/uploads\/2024\/01\/22\/ca4604476e0a0ac84b4452f396cd9d45.jpg\" data-image=\"DSC_0871.jpg\"\/><\/figure>\n<p id=\"infocoweb_fonte\" class=\"infocoweb_fonte\">Fonte: <a target=\"_blank\" href=\"http:\/\/www.rondonopolis.mt.gov.br\/noticias\/prefeito-prestigia-reuniao-de-capacitacao-promovida-pela-sempras-a-entidades-assistenciais\/#190f59e0-3de5-4da9-88d7-4799bfe71d06\" rel=\"noopener\">Prefeitura de Rondon\u00f3polis \u2013 MT<\/a><\/p>\n<\/div>\n<p><br \/>\n<br \/><a href=\"https:\/\/nmt.com.br\/2024\/01\/22\/prefeito-prestigia-reuniao-de-capacitacao-promovida-pela-sempras-a-entidades-assistenciais\/\">Fonte da Noticia <\/a><\/p>\n","protected":false},"excerpt":{"rendered":"<p>O prefeito Jos\u00e9 Carlos do P\u00e1tio prestigiou no in\u00edcio da tarde desta segunda-feira (22), uma reuni\u00e3o de trabalho promovida pela Secretaria Municipal de Promo\u00e7\u00e3o e Assist\u00eancia Social \u2013 Sempras cujo objetivo era orientar e capacitar as entidades assistenciais da sociedade civil organizada que possuem parceria com o munic\u00edpio para o recebimento de subven\u00e7\u00f5es, no sentido [&hellip;]<\/p>\n","protected":false},"author":1,"featured_media":5163,"comment_status":"closed","ping_status":"closed","sticky":false,"template":"","format":"standard","meta":[],"categories":[1],"tags":[],"_links":{"self":[{"href":"https:\/\/ligana104.com.br\/2021\/wp-json\/wp\/v2\/posts\/5162"}],"collection":[{"href":"https:\/\/ligana104.com.br\/2021\/wp-json\/wp\/v2\/posts"}],"about":[{"href":"https:\/\/ligana104.com.br\/2021\/wp-json\/wp\/v2\/types\/post"}],"author":[{"embeddable":true,"href":"https:\/\/ligana104.com.br\/2021\/wp-json\/wp\/v2\/users\/1"}],"replies":[{"embeddable":true,"href":"https:\/\/ligana104.com.br\/2021\/wp-json\/wp\/v2\/comments?post=5162"}],"version-history":[{"count":1,"href":"https:\/\/ligana104.com.br\/2021\/wp-json\/wp\/v2\/posts\/5162\/revisions"}],"predecessor-version":[{"id":5164,"href":"https:\/\/ligana104.com.br\/2021\/wp-json\/wp\/v2\/posts\/5162\/revisions\/5164"}],"wp:featuredmedia":[{"embeddable":true,"href":"https:\/\/ligana104.com.br\/2021\/wp-json\/wp\/v2\/media\/5163"}],"wp:attachment":[{"href":"https:\/\/ligana104.com.br\/2021\/wp-json\/wp\/v2\/media?parent=5162"}],"wp:term":[{"taxonomy":"category","embeddable":true,"href":"https:\/\/ligana104.com.br\/2021\/wp-json\/wp\/v2\/categories?post=5162"},{"taxonomy":"post_tag","embeddable":true,"href":"https:\/\/ligana104.com.br\/2021\/wp-json\/wp\/v2\/tags?post=5162"}],"curies":[{"name":"wp","href":"https:\/\/api.w.org\/{rel}","templated":true}]}}