{"id":5159,"date":"2024-01-22T18:10:39","date_gmt":"2024-01-22T20:10:39","guid":{"rendered":"https:\/\/ligana104.com.br\/2021\/2024\/01\/22\/prefeitura-e-incra-se-organizam-para-regularizacao-de-assentamentos-rurais\/"},"modified":"2024-01-22T18:10:40","modified_gmt":"2024-01-22T20:10:40","slug":"prefeitura-e-incra-se-organizam-para-regularizacao-de-assentamentos-rurais","status":"publish","type":"post","link":"https:\/\/ligana104.com.br\/2021\/2024\/01\/22\/prefeitura-e-incra-se-organizam-para-regularizacao-de-assentamentos-rurais\/","title":{"rendered":"Prefeitura e Incra se organizam para regulariza\u00e7\u00e3o de assentamentos rurais"},"content":{"rendered":"<p> <br \/>\n<\/p>\n<div id=\"infocoweb_corpo\">\n<p>Um  encontro realizado no assentamento M\u00e1rcio Pereira, na regi\u00e3o rural  do entorno de Rondon\u00f3polis, marcou o in\u00edcio do trabalho de  regulariza\u00e7\u00e3o fundi\u00e1ria de pequenos assentamentos. O trabalho est\u00e1  sendo feito de forma conjunta entre as prefeituras de S\u00e3o Jos\u00e9 do  Povo e Rondon\u00f3polis, por meio de um termo de coopera\u00e7\u00e3o t\u00e9cnica firmado com a unidade avan\u00e7ada do  Instituto Nacional de Coloniza\u00e7\u00e3o e Reforma Agr\u00e1ria (Incra),  apoiadas pelas C\u00e2maras dos dois munic\u00edpios.<\/p>\n<p>Essa  foi a primeira reuni\u00e3o com os pequenos produtores assentados das  comunidades Sandrini, Jo\u00e3o Pessoa, padre Josino, M\u00e1rcio Pereira e  Wilson Medeiros (Jegua Jegua) que contou com a presen\u00e7a do  superintendente do Incra e representantes das C\u00e2maras dos dois  munic\u00edpios.<\/p>\n<p>O  prefeito Jos\u00e9 Carlos do P\u00e1tio lembrou que cedeu toda estrutura e  servidores do munic\u00edpio para que a unidade avan\u00e7ada do Incra  voltasse a funcionar em Rondon\u00f3polis, atendendo toda a regi\u00e3o.   <\/p>\n<figure><\/figure>\n<p>Uma  das condi\u00e7\u00f5es que a equipe do Incra orientou os assentados \u00e9 que  eles precisam estar organizados em associa\u00e7\u00f5es para que os  processos possam ter andamento. Nesse sentido o vereador J\u00fanior  Mendon\u00e7a se disp\u00f4s a auxiliar as fam\u00edlias com esses documentos.<\/p>\n<p>A  partir de agora os assentados dever\u00e3o providenciar as documenta\u00e7\u00f5es,  al\u00e9m da quest\u00e3o da cria\u00e7\u00e3o das associa\u00e7\u00f5es para ent\u00e3o dar  andamento nos processos junto a unidade do Incra em Rondon\u00f3polis. O trabalho tem com o apoio da Secretaria Municipal de Habita\u00e7\u00e3o e Urbanismo por meio do departamento de regulariza\u00e7\u00e3o fundi\u00e1ria rural.<\/p>\n<p id=\"infocoweb_fonte\" class=\"infocoweb_fonte\">Fonte: <a target=\"_blank\" href=\"http:\/\/www.rondonopolis.mt.gov.br\/noticias\/prefeitura-e-incra-se-organizam-para-regularizacao-de-assentamentos-rurais\/#617b24b2-b7e6-493e-9faa-eb825abcdd67\" rel=\"noopener\">Prefeitura de Rondon\u00f3polis \u2013 MT<\/a><\/p>\n<\/div>\n<p><br \/>\n<br \/><a href=\"https:\/\/nmt.com.br\/2024\/01\/22\/prefeitura-e-incra-se-organizam-para-regularizacao-de-assentamentos-rurais\/\">Fonte da Noticia <\/a><\/p>\n","protected":false},"excerpt":{"rendered":"<p>Um encontro realizado no assentamento M\u00e1rcio Pereira, na regi\u00e3o rural do entorno de Rondon\u00f3polis, marcou o in\u00edcio do trabalho de regulariza\u00e7\u00e3o fundi\u00e1ria de pequenos assentamentos. O trabalho est\u00e1 sendo feito de forma conjunta entre as prefeituras de S\u00e3o Jos\u00e9 do Povo e Rondon\u00f3polis, por meio de um termo de coopera\u00e7\u00e3o t\u00e9cnica firmado com a unidade [&hellip;]<\/p>\n","protected":false},"author":1,"featured_media":5160,"comment_status":"closed","ping_status":"closed","sticky":false,"template":"","format":"standard","meta":[],"categories":[1],"tags":[],"_links":{"self":[{"href":"https:\/\/ligana104.com.br\/2021\/wp-json\/wp\/v2\/posts\/5159"}],"collection":[{"href":"https:\/\/ligana104.com.br\/2021\/wp-json\/wp\/v2\/posts"}],"about":[{"href":"https:\/\/ligana104.com.br\/2021\/wp-json\/wp\/v2\/types\/post"}],"author":[{"embeddable":true,"href":"https:\/\/ligana104.com.br\/2021\/wp-json\/wp\/v2\/users\/1"}],"replies":[{"embeddable":true,"href":"https:\/\/ligana104.com.br\/2021\/wp-json\/wp\/v2\/comments?post=5159"}],"version-history":[{"count":1,"href":"https:\/\/ligana104.com.br\/2021\/wp-json\/wp\/v2\/posts\/5159\/revisions"}],"predecessor-version":[{"id":5161,"href":"https:\/\/ligana104.com.br\/2021\/wp-json\/wp\/v2\/posts\/5159\/revisions\/5161"}],"wp:featuredmedia":[{"embeddable":true,"href":"https:\/\/ligana104.com.br\/2021\/wp-json\/wp\/v2\/media\/5160"}],"wp:attachment":[{"href":"https:\/\/ligana104.com.br\/2021\/wp-json\/wp\/v2\/media?parent=5159"}],"wp:term":[{"taxonomy":"category","embeddable":true,"href":"https:\/\/ligana104.com.br\/2021\/wp-json\/wp\/v2\/categories?post=5159"},{"taxonomy":"post_tag","embeddable":true,"href":"https:\/\/ligana104.com.br\/2021\/wp-json\/wp\/v2\/tags?post=5159"}],"curies":[{"name":"wp","href":"https:\/\/api.w.org\/{rel}","templated":true}]}}