{"id":5156,"date":"2024-01-22T13:50:42","date_gmt":"2024-01-22T15:50:42","guid":{"rendered":"https:\/\/ligana104.com.br\/2021\/2024\/01\/22\/dia-d-do-mutirao-beneficiou-o-jardim-do-sol-joao-de-barro-e-jardim-hd\/"},"modified":"2024-01-22T13:50:42","modified_gmt":"2024-01-22T15:50:42","slug":"dia-d-do-mutirao-beneficiou-o-jardim-do-sol-joao-de-barro-e-jardim-hd","status":"publish","type":"post","link":"https:\/\/ligana104.com.br\/2021\/2024\/01\/22\/dia-d-do-mutirao-beneficiou-o-jardim-do-sol-joao-de-barro-e-jardim-hd\/","title":{"rendered":"Dia D do mutir\u00e3o beneficiou o Jardim do Sol, Jo\u00e3o de Barro e jardim HD"},"content":{"rendered":"<p> <br \/>\n<\/p>\n<div id=\"infocoweb_corpo\">\n<p>  No  \u00faltimo s\u00e1bado (20) a Prefeitura de Rondon\u00f3polis mobilizou diversas  secretarias municipais para atender a popula\u00e7\u00e3o com servi\u00e7os  oferecidos na Escola Municipal Alcides Pereira dos Santos. O mutir\u00e3o  encerrou uma s\u00e9rie de servi\u00e7os que foram executados nos bairros  Jardim do Sol e Jo\u00e3o de Barro e serviu tamb\u00e9m de espa\u00e7o de  interlocu\u00e7\u00e3o  entre a comunidade e o poder p\u00fablico.<\/p>\n<p>Melhorias  na infraestrutura como os servi\u00e7os de tapa buracos, limpeza geral do  bairro e ainda a constru\u00e7\u00e3o de meio-fio em alguns pontos que ainda  n\u00e3o tinha foram  realizados nos dias que antecederam o mutir\u00e3o. A  liga\u00e7\u00e3o da avenida Goi\u00e2nia com o jardim HD foi um dos pedidos que  a comunidade fez ao prefeito e ele atendeu. A Secretaria de  Infraestrutura que elaborou o projeto da drenagem e agora faz o da  pavimenta\u00e7\u00e3o, garantindo a execu\u00e7\u00e3o para os pr\u00f3ximos meses.<\/p>\n<p>A  equipe da Coder iniciou os trabalhos na semana passada ouvindo as  demandas dos moradores e iniciando os servi\u00e7os que devem seguir na  regi\u00e3o at\u00e9 quarta-feira (24) para finalizar os servi\u00e7os, conforme  informou o presidente Vin\u00edcius Amoroso. O refor\u00e7o na sinaliza\u00e7\u00e3o  de tr\u00e2nsito complementou os de infraestrutura garantindo mais  seguran\u00e7a para quem transita de carro ou moto na regi\u00e3o.<\/p>\n<figure><\/figure>\n<p>O  mutir\u00e3o tamb\u00e9m abriu espa\u00e7o para a comunidade fazer os pedidos e  tamb\u00e9m para tratar de assuntos que v\u00e3o influenciar diretamente a  regi\u00e3o, como a implanta\u00e7\u00e3o do per\u00edodo integral na Escola Alcides  \u201cQuero esse ano ter em torno de quatro mil crian\u00e7as estudando em  per\u00edodo integral e nas creches tamb\u00e9m\u201d, afirmou o prefeito Jos\u00e9  Carlos do P\u00e1tio.<\/p>\n<p>A  Escola Alcides Pereira dos Santos que sediou o mutir\u00e3o \u00e9 refer\u00eancia  na cidade pelo desempenho no \u00cdndice de Desenvolvimento da Educa\u00e7\u00e3o  B\u00e1sica (Ideb) e tamb\u00e9m est\u00e1 recebendo obras de amplia\u00e7\u00e3o e  melhorias. O projeto de transformar a unidade em per\u00edodo integral  inclui a integra\u00e7\u00e3o do mini  est\u00e1dio  \u00e0 estrutura da escola, mantendo livre o acesso da comunidade.<\/p>\n<p><img decoding=\"async\" src=\"https:\/\/urgentenews.com.br\/wp-content\/uploads\/2024\/01\/22\/c765cb6055683429bdffbfb7f9d84e39.jpg\" data-image=\"DSC_0284.jpg\" style=\"cursor: pointer;max-width: 100%;height: auto;font-family: \" trebuchet=\"\" ms=\"\" neue=\"\" helvetica=\"\" tahoma=\"\" sans-serif=\"\"\/>\u201cFizemos  muito aqui nesse bairro, desde a constru\u00e7\u00e3o de casas em sistema de  mutir\u00e3o, a pra\u00e7a japonesa, o centro de treinamento de jud\u00f4, a  ilumina\u00e7\u00e3o de led, constru\u00e7\u00e3o  da escola e da creche e \u00e9 bom voltar aqui com o mutir\u00e3o e estar  junto da comunidade discutindo o podemos fazer para melhorar ainda  mais\u201d, destacou P\u00e1tio.<\/p>\n<p>Dentre  os benef\u00edcios anunciados para a popula\u00e7\u00e3o local est\u00e3o a altera\u00e7\u00e3o  da linha do transporte coletivo tirando de frente da escola, novos  equipamentos para o centro de treinamento de jud\u00f4, o cercamento do  Parque Natural Municipal Radialista Luiz Fernando de Campos,  constru\u00e7\u00e3o  da pista de caminhada e coloca\u00e7\u00e3o de grama na escola.<\/p>\n<figure><img decoding=\"async\" src=\"https:\/\/urgentenews.com.br\/wp-content\/uploads\/2024\/01\/22\/3e541da53130a52c6b9f414361ba1393.jpg\" data-image=\"DSC_0616.jpg\"\/><\/figure>\n<p>As  lideran\u00e7as comunit\u00e1rias que participaram do mutir\u00e3o resumiram suas  palavras em gratid\u00e3o aos diversos servi\u00e7os que o munic\u00edpio  realizou ao bairro durante toda a semana, mas aproveitaram para pedir  o apoio da prefeitura na constru\u00e7\u00e3o do centro comunit\u00e1rio.<\/p>\n<p>A  comunidade aproveitou diversos servi\u00e7os oferecidos durante o  mutir\u00e3o, a exemplo do que foi realizado pela Sa\u00fade, como  atualiza\u00e7\u00e3o de caderneta vacinal, aferi\u00e7\u00e3o de press\u00e3o arterial,  exames de glicemia, orienta\u00e7\u00f5es sobre escova\u00e7\u00e3o e higiene bucal;  da Promo\u00e7\u00e3o e Assist\u00eancia Social com a atualiza\u00e7\u00e3o do Cad\u00danico,  al\u00e9m do cadastro para o Programa de Planejamento Familiar com  encaminhamentos para cirurgias de laqueadura e vasectomia; e da  Educa\u00e7\u00e3o que fez a busca ativa para identificar crian\u00e7as em idade  escolar, fora da sala de aula, al\u00e9m de matr\u00edculas de crian\u00e7as nas  creches da regi\u00e3o.<\/p>\n<figure><img decoding=\"async\" src=\"https:\/\/urgentenews.com.br\/wp-content\/uploads\/2024\/01\/22\/9c1bd083b193a3ea6680ffa6d616633d.jpg\" data-image=\"DSC_0573.jpg\"\/><\/figure>\n<p id=\"infocoweb_fonte\" class=\"infocoweb_fonte\">Fonte: <a target=\"_blank\" href=\"http:\/\/www.rondonopolis.mt.gov.br\/noticias\/dia-d-do-mutirao-beneficiou-o-jardim-do-sol-joao-de-barro-e-jardim-hd\/#492b048c-5616-4792-89a8-9ebbc04bc2fd\" rel=\"noopener\">Prefeitura de Rondon\u00f3polis \u2013 MT<\/a><\/p>\n<\/div>\n<p><br \/>\n<br \/><a href=\"https:\/\/nmt.com.br\/2024\/01\/22\/dia-d-do-mutirao-beneficiou-o-jardim-do-sol-joao-de-barro-e-jardim-hd\/\">Fonte da Noticia <\/a><\/p>\n","protected":false},"excerpt":{"rendered":"<p>No \u00faltimo s\u00e1bado (20) a Prefeitura de Rondon\u00f3polis mobilizou diversas secretarias municipais para atender a popula\u00e7\u00e3o com servi\u00e7os oferecidos na Escola Municipal Alcides Pereira dos Santos. O mutir\u00e3o encerrou uma s\u00e9rie de servi\u00e7os que foram executados nos bairros Jardim do Sol e Jo\u00e3o de Barro e serviu tamb\u00e9m de espa\u00e7o de interlocu\u00e7\u00e3o entre a comunidade [&hellip;]<\/p>\n","protected":false},"author":1,"featured_media":5157,"comment_status":"closed","ping_status":"closed","sticky":false,"template":"","format":"standard","meta":[],"categories":[1],"tags":[],"_links":{"self":[{"href":"https:\/\/ligana104.com.br\/2021\/wp-json\/wp\/v2\/posts\/5156"}],"collection":[{"href":"https:\/\/ligana104.com.br\/2021\/wp-json\/wp\/v2\/posts"}],"about":[{"href":"https:\/\/ligana104.com.br\/2021\/wp-json\/wp\/v2\/types\/post"}],"author":[{"embeddable":true,"href":"https:\/\/ligana104.com.br\/2021\/wp-json\/wp\/v2\/users\/1"}],"replies":[{"embeddable":true,"href":"https:\/\/ligana104.com.br\/2021\/wp-json\/wp\/v2\/comments?post=5156"}],"version-history":[{"count":1,"href":"https:\/\/ligana104.com.br\/2021\/wp-json\/wp\/v2\/posts\/5156\/revisions"}],"predecessor-version":[{"id":5158,"href":"https:\/\/ligana104.com.br\/2021\/wp-json\/wp\/v2\/posts\/5156\/revisions\/5158"}],"wp:featuredmedia":[{"embeddable":true,"href":"https:\/\/ligana104.com.br\/2021\/wp-json\/wp\/v2\/media\/5157"}],"wp:attachment":[{"href":"https:\/\/ligana104.com.br\/2021\/wp-json\/wp\/v2\/media?parent=5156"}],"wp:term":[{"taxonomy":"category","embeddable":true,"href":"https:\/\/ligana104.com.br\/2021\/wp-json\/wp\/v2\/categories?post=5156"},{"taxonomy":"post_tag","embeddable":true,"href":"https:\/\/ligana104.com.br\/2021\/wp-json\/wp\/v2\/tags?post=5156"}],"curies":[{"name":"wp","href":"https:\/\/api.w.org\/{rel}","templated":true}]}}