{"id":5153,"date":"2024-01-22T12:48:23","date_gmt":"2024-01-22T14:48:23","guid":{"rendered":"https:\/\/ligana104.com.br\/2021\/2024\/01\/22\/em-reuniao-liderancas-progressistas-reforcam-unidade-do-grupo-e-atencao-a-projeto-politico-robusto-para-rondonopolis\/"},"modified":"2024-01-22T12:48:25","modified_gmt":"2024-01-22T14:48:25","slug":"em-reuniao-liderancas-progressistas-reforcam-unidade-do-grupo-e-atencao-a-projeto-politico-robusto-para-rondonopolis","status":"publish","type":"post","link":"https:\/\/ligana104.com.br\/2021\/2024\/01\/22\/em-reuniao-liderancas-progressistas-reforcam-unidade-do-grupo-e-atencao-a-projeto-politico-robusto-para-rondonopolis\/","title":{"rendered":"Em reuni\u00e3o lideran\u00e7as progressistas refor\u00e7am unidade do grupo e aten\u00e7\u00e3o a projeto pol\u00edtico robusto para Rondon\u00f3polis"},"content":{"rendered":"<p> <br \/>\n<\/p>\n<div>\n<div class=\"td-post-featured-image\"><\/div>\n<p>Neste domingo (21), as principais lideran\u00e7as progressistas de Rondon\u00f3polis se reuniram em um evento denominado \u201cDia do Campo\u201d, que foi realizado na Fazenda Farroupilha, no munic\u00edpio de Pedra Preta. Onde na primeira parte da programa\u00e7\u00e3o, os participantes fizeram uma visita pelas instala\u00e7\u00f5es de beneficiamento, armazenagem, laborat\u00f3rio e em uma biof\u00e1brica, na sequ\u00eancia uma reuni\u00e3o tratou do alinhamento pol\u00edtico e de projetos visando as elei\u00e7\u00f5es municipais deste ano.<\/p>\n<p>O assessor especial do Minist\u00e9rio da Agricultura e Pecu\u00e1ria e pr\u00e9-candidato a prefeito de Rondon\u00f3polis pelo Partidos dos Trabalhadores (PT), Carlos Augustin, o Teti, definiu o tom da reuni\u00e3o com o pedido de alinhamento e uni\u00e3o de todos que comp\u00f5em o grupo. \u201cUnidos n\u00f3s vamos vencer, desunidos n\u00e3o teremos sucesso, e a reuni\u00e3o de hoje mostrou a maturidade das for\u00e7as progressistas de Rondon\u00f3polis para n\u00e3o escolher o fracasso. E temos a nosso favor, o governo Lula que tem j\u00e1 grandes feitos realizados e muito mais por fazer ainda\u201d, pontuou.<\/p>\n<p>O ministro da Agricultura e Pecu\u00e1ria, Carlos F\u00e1varo, que prestigiou a reuni\u00e3o, confidenciou detalhes de uma conversa com o presidente Lula, que queria saber detalhes sobre as elei\u00e7\u00f5es municipais em Rondon\u00f3polis. \u201cAp\u00f3s falarmos sobre Cuiab\u00e1 e V\u00e1rzea Grande, por alguns minutos focamos em Rondon\u00f3polis, o presidente me pediu o cen\u00e1rio atual e disse que temos tr\u00eas pr\u00e9-candidaturas aqui postas, e ele com a vis\u00e3o pol\u00edtica espetacular me perguntou de duas pessoas, se o prefeito Z\u00e9 Carlos do P\u00e1tio estava apoiando esta constru\u00e7\u00e3o e tamb\u00e9m perguntou do (Percival) Muniz, se ele tamb\u00e9m est\u00e1 apoiando. E por fim ele me pediu para ajudar nesta interlocu\u00e7\u00e3o, e se caminharmos nesta unidade de fato e nos desapegarmos das diverg\u00eancias n\u00f3s vamos ganhar as elei\u00e7\u00f5es em Rondon\u00f3polis\u201d, destacou.<\/p>\n<p>A participa\u00e7\u00e3o na reuni\u00e3o de expoentes da pol\u00edtica rondonopolitana foi destacada pelo secret\u00e1rio de Pol\u00edtica Agr\u00edcola do Minist\u00e9rio da Agricultura, Neri Geller. \u201cQuero aqui parabenizar o Teti por este gesto de trazer para o debate o ex-prefeito Percival Muniz, que \u00e9 uma cabe\u00e7a pensante extraordin\u00e1ria, juntamente com o prefeito Z\u00e9 do P\u00e1tio que tem uma for\u00e7a pol\u00edtica gigante dentro de Rondon\u00f3polis. E o caminho para as cidades-p\u00f3lo \u00e9 que temos que estar desprovidos de vaidades, e ter for\u00e7a de vontade para trabalhar e isso n\u00e3o nos falta\u201d, disse.<\/p>\n<p>O prefeito Jos\u00e9 Carlos do P\u00e1tio (PSB) aproveitou o momento para destacar os avan\u00e7os realizados em v\u00e1rias frentes no munic\u00edpio e pediu mais ajuda do governo federal. \u201c N\u00f3s estamos muito bem colocados e a cidade est\u00e1 bem estruturada, com a gest\u00e3o deixando ela redonda e temos tr\u00eas bons candidatos abrindo para o debate com uma frente de 11 partidos e temos que fazer o candidato. E o que temos que fazer \u00e9 todos trabalharem e ajudarem os nossos pr\u00e9-candidatos indo para base e abrir o debate com a sociedade, e quero dizer que Rondon\u00f3polis \u00e9 uma das resist\u00eancias em Mato Grosso, e portanto, h\u00e1 uma necessidade de nos ajudar e nos apoiar com mais recursos federais\u201d, finalizou.<\/p>\n<p>No evento tamb\u00e9m estiveram presentes o ex-prefeito Percival Muniz (MDB), o ex-prefeito e ex-governador Rog\u00e9rio Sales (PSDB), os deputados estaduais Nininho (PSD) e Valdir Barranco (PT), a diretora-executiva da Companhia Nacional de Abastecimento (Conab) Rosa Neide, a primeira-dama, Neuma de Morais, o assessor especial de Assuntos Parlamentares da Secretaria de Rela\u00e7\u00f5es Institucionais da Presid\u00eancia da Rep\u00fablica, Valtenir Pereira, o diretor presidente do Sanear Paulo Jos\u00e9 presidente do PSB, o vice-prefeito Aylon Arruda presidente do PSD, Wendell Girotto presidente do PT, os vereadores J\u00fanior Mendon\u00e7a (PT), Reginaldo Santos (SD) e Batista (SD), al\u00e9m de representantes dos partidos PV o presidente Carlos Naves e PCdoB Weder Albuquerque, militantes partid\u00e1rios e pr\u00e9-candidatos a vereador.<\/p>\n<\/p><\/div>\n<p><br \/>\n<br \/><a href=\"https:\/\/nmt.com.br\/2024\/01\/22\/em-reuniao-liderancas-progressistas-reforcam-unidade-do-grupo-e-atencao-a-projeto-politico-robusto-para-rondonopolis\/\">Fonte da Noticia <\/a><\/p>\n","protected":false},"excerpt":{"rendered":"<p>Neste domingo (21), as principais lideran\u00e7as progressistas de Rondon\u00f3polis se reuniram em um evento denominado \u201cDia do Campo\u201d, que foi realizado na Fazenda Farroupilha, no munic\u00edpio de Pedra Preta. Onde na primeira parte da programa\u00e7\u00e3o, os participantes fizeram uma visita pelas instala\u00e7\u00f5es de beneficiamento, armazenagem, laborat\u00f3rio e em uma biof\u00e1brica, na sequ\u00eancia uma reuni\u00e3o tratou [&hellip;]<\/p>\n","protected":false},"author":1,"featured_media":5154,"comment_status":"closed","ping_status":"closed","sticky":false,"template":"","format":"standard","meta":[],"categories":[1],"tags":[],"_links":{"self":[{"href":"https:\/\/ligana104.com.br\/2021\/wp-json\/wp\/v2\/posts\/5153"}],"collection":[{"href":"https:\/\/ligana104.com.br\/2021\/wp-json\/wp\/v2\/posts"}],"about":[{"href":"https:\/\/ligana104.com.br\/2021\/wp-json\/wp\/v2\/types\/post"}],"author":[{"embeddable":true,"href":"https:\/\/ligana104.com.br\/2021\/wp-json\/wp\/v2\/users\/1"}],"replies":[{"embeddable":true,"href":"https:\/\/ligana104.com.br\/2021\/wp-json\/wp\/v2\/comments?post=5153"}],"version-history":[{"count":1,"href":"https:\/\/ligana104.com.br\/2021\/wp-json\/wp\/v2\/posts\/5153\/revisions"}],"predecessor-version":[{"id":5155,"href":"https:\/\/ligana104.com.br\/2021\/wp-json\/wp\/v2\/posts\/5153\/revisions\/5155"}],"wp:featuredmedia":[{"embeddable":true,"href":"https:\/\/ligana104.com.br\/2021\/wp-json\/wp\/v2\/media\/5154"}],"wp:attachment":[{"href":"https:\/\/ligana104.com.br\/2021\/wp-json\/wp\/v2\/media?parent=5153"}],"wp:term":[{"taxonomy":"category","embeddable":true,"href":"https:\/\/ligana104.com.br\/2021\/wp-json\/wp\/v2\/categories?post=5153"},{"taxonomy":"post_tag","embeddable":true,"href":"https:\/\/ligana104.com.br\/2021\/wp-json\/wp\/v2\/tags?post=5153"}],"curies":[{"name":"wp","href":"https:\/\/api.w.org\/{rel}","templated":true}]}}