{"id":5150,"date":"2024-01-22T11:43:33","date_gmt":"2024-01-22T13:43:33","guid":{"rendered":"https:\/\/ligana104.com.br\/2021\/2024\/01\/22\/temos-que-nos-despir-das-vaidades-diz-junior-mendonca-durante-encontro-das-forcas-progressistas\/"},"modified":"2024-01-22T11:43:35","modified_gmt":"2024-01-22T13:43:35","slug":"temos-que-nos-despir-das-vaidades-diz-junior-mendonca-durante-encontro-das-forcas-progressistas","status":"publish","type":"post","link":"https:\/\/ligana104.com.br\/2021\/2024\/01\/22\/temos-que-nos-despir-das-vaidades-diz-junior-mendonca-durante-encontro-das-forcas-progressistas\/","title":{"rendered":"\u201cTemos que nos despir das vaidades\u201d, diz J\u00fanior Mendon\u00e7a durante encontro das for\u00e7as progressistas"},"content":{"rendered":"<p> <br \/>\n<\/p>\n<div>\n<div class=\"td-post-featured-image\"><\/div>\n<p>O vereador J\u00fanior Mendon\u00e7a (PT), presidente da C\u00e2mara Municipal de Rondon\u00f3polis participou neste domingo (21), em Pedra Preta, na Fazenda Farroupilha, do Dia de Campo da Sementes Petrovina.<\/p>\n<p>O evento promovido pelo empres\u00e1rio do agroneg\u00f3cio, Carlos Augustin, o Teti, reuniu diversas autoridades pol\u00edticas de diversos munic\u00edpios do Estado de Mato Grosso e do governo Lula.<\/p>\n<p>Al\u00e9m de J\u00fanior Mendon\u00e7a, estiveram presentes o ministro da Agricultura, Carlos F\u00e1varo, o secret\u00e1rio de Pol\u00edtica Agr\u00edcola do Minist\u00e9rio da Agricultura, Neri Geller, a ex-deputada federal e professora Rosa Neide, diretora-executiva da Companhia Nacional de Abastecimento (Conab), os deputados Nininho (PSD) e Valdir Barranco (PT).<\/p>\n<p>Durante o evento foi apresentado pelo empres\u00e1rio Teti o portf\u00f3lio de sementes da empresa, laborat\u00f3rio, investimentos e inova\u00e7\u00f5es tecnol\u00f3gicas.<\/p>\n<p>As conversas foram basicamente sobre investimentos em Mato Grosso, contemplando o setor do agroneg\u00f3cio, por\u00e9m, refor\u00e7ando a necessidade e preocupa\u00e7\u00e3o do governo federal em destinar recursos para os demais setores como a ind\u00fastria, gera\u00e7\u00e3o de emprego e renda, sem esquecer a agricultura familiar \u2013 uma das plataformas do governo Lula.<\/p>\n<p>O momento foi tamb\u00e9m para debater os rumos da pol\u00edtica em Mato Grosso, com destaque para as elei\u00e7\u00f5es municipais em Rondon\u00f3polis.<\/p>\n<p>O grupo das for\u00e7as progressistas, composto por 11 partidos, mant\u00e9m a proposta da escolha entre os tr\u00eas pr\u00e9-candidatos (Aylon Arruda- PSD, Paulo Jos\u00e9 \u2013 PSB e Carlos Augustin, o Teti do PT), um nome para concorrer \u00e0 sucess\u00e3o de Jos\u00e9 Carlos do P\u00e1tio, no Pal\u00e1cio da Cidadania.<\/p>\n<p>Os discursos se concentraram mantendo a estrat\u00e9gia do grupo e chamando a aten\u00e7\u00e3o para o momento de uni\u00e3o incondicional ao projeto do grupo.<\/p>\n<p>Tamb\u00e9m participaram, o prefeito de Rondon\u00f3polis, Jos\u00e9 Carlos do P\u00e1tio (PSB), o vice-prefeito Aylon Arruda (PSD), o ex-governador de Mato Grosso e ex-prefeito de Rondon\u00f3polis, Rog\u00e9rio Salles (PSDB), o ex-prefeito Percival Muniz (MDB), o ex-deputado federal Valtenir Pereira e Paulo Jos\u00e9 (PSB), presidente do Sanear, al\u00e9m de vereadores, empres\u00e1rios do agroneg\u00f3cio, produtores rurais e v\u00e1rias outras lideran\u00e7as pol\u00edticas.<\/p>\n<p>J\u00fanior Mendon\u00e7a destacou a for\u00e7a concentrada dentro do grupo das for\u00e7as progressistas, formado por partidos consolidados e pessoas comprometidas com o processo de desenvolvimento do munic\u00edpio, Estado e Uni\u00e3o.<\/p>\n<p>\u201cSomos fortes e temos capacidade para manter o pa\u00eds, nosso Estado e nossos munic\u00edpios no rumo do desenvolvimento. Precisamos nos despir das vaidades e dar in\u00edcio a um projeto que come\u00e7a hoje e s\u00f3 termina em 26\u201d, disse J\u00fanior Mendon\u00e7a fazendo refer\u00eancia aos nomes, dentro do grupo, que poder\u00e3o concorrer a cargos p\u00fablicos eletivos nas elei\u00e7\u00f5es de 2026.<\/p>\n<\/p><\/div>\n<p><br \/>\n<br \/><a href=\"https:\/\/nmt.com.br\/2024\/01\/22\/temos-que-nos-despir-das-vaidades-diz-junior-mendonca-durante-encontro-das-forcas-progressistas\/\">Fonte da Noticia <\/a><\/p>\n","protected":false},"excerpt":{"rendered":"<p>O vereador J\u00fanior Mendon\u00e7a (PT), presidente da C\u00e2mara Municipal de Rondon\u00f3polis participou neste domingo (21), em Pedra Preta, na Fazenda Farroupilha, do Dia de Campo da Sementes Petrovina. O evento promovido pelo empres\u00e1rio do agroneg\u00f3cio, Carlos Augustin, o Teti, reuniu diversas autoridades pol\u00edticas de diversos munic\u00edpios do Estado de Mato Grosso e do governo Lula. [&hellip;]<\/p>\n","protected":false},"author":1,"featured_media":5151,"comment_status":"closed","ping_status":"closed","sticky":false,"template":"","format":"standard","meta":[],"categories":[1],"tags":[],"_links":{"self":[{"href":"https:\/\/ligana104.com.br\/2021\/wp-json\/wp\/v2\/posts\/5150"}],"collection":[{"href":"https:\/\/ligana104.com.br\/2021\/wp-json\/wp\/v2\/posts"}],"about":[{"href":"https:\/\/ligana104.com.br\/2021\/wp-json\/wp\/v2\/types\/post"}],"author":[{"embeddable":true,"href":"https:\/\/ligana104.com.br\/2021\/wp-json\/wp\/v2\/users\/1"}],"replies":[{"embeddable":true,"href":"https:\/\/ligana104.com.br\/2021\/wp-json\/wp\/v2\/comments?post=5150"}],"version-history":[{"count":1,"href":"https:\/\/ligana104.com.br\/2021\/wp-json\/wp\/v2\/posts\/5150\/revisions"}],"predecessor-version":[{"id":5152,"href":"https:\/\/ligana104.com.br\/2021\/wp-json\/wp\/v2\/posts\/5150\/revisions\/5152"}],"wp:featuredmedia":[{"embeddable":true,"href":"https:\/\/ligana104.com.br\/2021\/wp-json\/wp\/v2\/media\/5151"}],"wp:attachment":[{"href":"https:\/\/ligana104.com.br\/2021\/wp-json\/wp\/v2\/media?parent=5150"}],"wp:term":[{"taxonomy":"category","embeddable":true,"href":"https:\/\/ligana104.com.br\/2021\/wp-json\/wp\/v2\/categories?post=5150"},{"taxonomy":"post_tag","embeddable":true,"href":"https:\/\/ligana104.com.br\/2021\/wp-json\/wp\/v2\/tags?post=5150"}],"curies":[{"name":"wp","href":"https:\/\/api.w.org\/{rel}","templated":true}]}}