{"id":5147,"date":"2024-01-20T23:46:01","date_gmt":"2024-01-21T01:46:01","guid":{"rendered":"https:\/\/ligana104.com.br\/2021\/2024\/01\/20\/em-reuniao-junior-mendonca-reforca-a-importancia-da-agricultura-familiar-e-da-regularizacao-fundiaria\/"},"modified":"2024-01-20T23:46:03","modified_gmt":"2024-01-21T01:46:03","slug":"em-reuniao-junior-mendonca-reforca-a-importancia-da-agricultura-familiar-e-da-regularizacao-fundiaria","status":"publish","type":"post","link":"https:\/\/ligana104.com.br\/2021\/2024\/01\/20\/em-reuniao-junior-mendonca-reforca-a-importancia-da-agricultura-familiar-e-da-regularizacao-fundiaria\/","title":{"rendered":"EM REUNI\u00c3O; J\u00fanior Mendon\u00e7a refor\u00e7a a import\u00e2ncia da Agricultura Familiar e da Regulariza\u00e7\u00e3o Fundi\u00e1ria"},"content":{"rendered":"<p> <br \/>\n<\/p>\n<div>\n<div class=\"td-post-featured-image\"><\/div>\n<p>O vereador Junior Mendon\u00e7a (PT), presidente da C\u00e2mara Municipal de Rondon\u00f3polis, participou na tarde deste s\u00e1bado (20), de uma reuni\u00e3o com as fam\u00edlias de assentados e parceleiros do munic\u00edpio vizinho de S\u00e3o Jos\u00e9 do Povo, para tratar da regulariza\u00e7\u00e3o fundi\u00e1ria das cerca de 400 fam\u00edlias que vivem naquela regi\u00e3o.<\/p>\n<p>Al\u00e9m dos representantes de cada fam\u00edlia assentada, participaram da reuni\u00e3o, o prefeito de Rondon\u00f3polis, Jos\u00e9 Carlos do P\u00e1tio, o presidente do Diret\u00f3rio Municipal do PT em Rondon\u00f3polis, Wendell Girotto e o vice-prefeito de S\u00e3o Jos\u00e9 do Povo, Valter Corr\u00eaa Cadid\u00e9, o Racum do Uni\u00e3o Brasil, entre outras autoridades e profissionais t\u00e9cnicos do Instituto Nacional de Coloniza\u00e7\u00e3o e Reforma Agr\u00e1ria ( Incra \u2013 unidade avan\u00e7ada de Rondon\u00f3polis), que teve suas atividades retomadas no final do ano passado diante de um termo de coopera\u00e7\u00e3o entre a prefeitura de Rondon\u00f3polis e o Incra, com participa\u00e7\u00e3o da C\u00e2mara de vereadores.<\/p>\n<p>Segundo Girotto, a proposta da unidade do Incra em Rondon\u00f3polis \u00e9 atender toda a Regi\u00e3o Sudeste do Estado de Mato Grosso, tamb\u00e9m no formato de parcerias com as prefeituras. Em S\u00e3o Jos\u00e9 do Povo, por exemplo, o Executivo local vai ceder um profissional para acompanhar os trabalhos de vistoria junto \u00e0s quase 400 propriedades rurais, para dar in\u00edcio \u00e0 regulariza\u00e7\u00e3o fundi\u00e1ria.<\/p>\n<p>Dona Carmozina Magalh\u00e3es Medeiros (56), \u00e9 uma das assentadas, a propriedade dela fica no Assentamento Marcio Pereira, onde mora com pai idoso, Waldemar Medeiros, de 85 anos.<\/p>\n<p>\u201cReceber o t\u00edtulo de propriedade \u00e9 um sonho antigo que queremos realizar em breve. Estamos confiantes no governo Lula e nas for\u00e7as pol\u00edticas de Rondon\u00f3polis nesse trabalho conjunto feito pela prefeitura, C\u00e2mara de Vereadores atrav\u00e9s do presidente J\u00fanior do PT e o Incra\u201d, disse Carmozina, que pretende investir em sua propriedade t\u00e3o logo obtenha o t\u00edtulo.<\/p>\n<p>\u201cO t\u00edtulo da terra \u00e9 uma carta de alforria ao produtor e leva dignidade a quem produz. Al\u00e9m disso, \u00e9 tamb\u00e9m um avan\u00e7o para garantir a produ\u00e7\u00e3o de alimentos saud\u00e1veis. Outro ponto importante \u00e9 que a partir do recebimento do t\u00edtulo, as fam\u00edlias j\u00e1 podem acessar o cr\u00e9dito rural e fazer novos investimentos em sua propriedade\u201d, destaca J\u00fanior Mendon\u00e7a, que disse ainda: \u201cpassamos por sete anos de atraso e abandono governamental (federal) em rela\u00e7\u00e3o aos assentados, parceleiros e a agricultura familiar. Nossa meta junto ao governo Lula \u00e9 fortalecer essa categoria que \u00e9 a grande respons\u00e1vel por colocar o alimento na mesa do brasileiro e da brasileira \u2013 e ainda garantir gera\u00e7\u00e3o de emprego e renda para o nosso povo\u201d, finalizou J\u00fanior Mendon\u00e7a.<\/p>\n<p>S\u00e3o Jos\u00e9 do Povo conta atualmente com quatro assentamentos:<\/p>\n<p>Marcio Pereira com 90 fam\u00edlias, Jo\u00e3o Passo, 112 fam\u00edlias, outras 72 fam\u00edlias comp\u00f5em o assentamento Sandrine e o assentamento Padre Josino com 120 fam\u00edlias.<\/p>\n<p>De acordo com o que ficou definido na reuni\u00e3o deste s\u00e1bado, o primeiro passo agora \u00e9 constituir uma associa\u00e7\u00e3o que represente todas essas fam\u00edlias \u2013 e a partir da\u00ed- dar in\u00edcio ao processo da regulariza\u00e7\u00e3o fundi\u00e1ria, que ser\u00e1 feita atrav\u00e9s do Incra de Rondon\u00f3polis.<\/p>\n<p><img decoding=\"async\" loading=\"lazy\" class=\"aligncenter size-full wp-image-91969\" src=\"https:\/\/nmt.com.br\/wp-content\/uploads\/2024\/01\/28f5289c-327e-4103-abcf-ca8d0e4025c7.jpeg\" alt=\"\" width=\"1600\" height=\"1200\" srcset=\"https:\/\/nmt.com.br\/wp-content\/uploads\/2024\/01\/28f5289c-327e-4103-abcf-ca8d0e4025c7.jpeg 1600w, https:\/\/nmt.com.br\/wp-content\/uploads\/2024\/01\/28f5289c-327e-4103-abcf-ca8d0e4025c7-300x225.jpeg 300w, https:\/\/nmt.com.br\/wp-content\/uploads\/2024\/01\/28f5289c-327e-4103-abcf-ca8d0e4025c7-1024x768.jpeg 1024w, https:\/\/nmt.com.br\/wp-content\/uploads\/2024\/01\/28f5289c-327e-4103-abcf-ca8d0e4025c7-768x576.jpeg 768w, https:\/\/nmt.com.br\/wp-content\/uploads\/2024\/01\/28f5289c-327e-4103-abcf-ca8d0e4025c7-1536x1152.jpeg 1536w, https:\/\/nmt.com.br\/wp-content\/uploads\/2024\/01\/28f5289c-327e-4103-abcf-ca8d0e4025c7-80x60.jpeg 80w, https:\/\/nmt.com.br\/wp-content\/uploads\/2024\/01\/28f5289c-327e-4103-abcf-ca8d0e4025c7-100x75.jpeg 100w, https:\/\/nmt.com.br\/wp-content\/uploads\/2024\/01\/28f5289c-327e-4103-abcf-ca8d0e4025c7-180x135.jpeg 180w, https:\/\/nmt.com.br\/wp-content\/uploads\/2024\/01\/28f5289c-327e-4103-abcf-ca8d0e4025c7-238x178.jpeg 238w, https:\/\/nmt.com.br\/wp-content\/uploads\/2024\/01\/28f5289c-327e-4103-abcf-ca8d0e4025c7-640x480.jpeg 640w\" sizes=\"(max-width: 1600px) 100vw, 1600px\"\/><\/p>\n<\/p><\/div>\n<p><br \/>\n<br \/><a href=\"https:\/\/nmt.com.br\/2024\/01\/20\/em-reuniao-junior-mendonca-reforca-a-importancia-da-agricultura-familiar-e-da-regularizacao-fundiaria\/\">Fonte da Noticia <\/a><\/p>\n","protected":false},"excerpt":{"rendered":"<p>O vereador Junior Mendon\u00e7a (PT), presidente da C\u00e2mara Municipal de Rondon\u00f3polis, participou na tarde deste s\u00e1bado (20), de uma reuni\u00e3o com as fam\u00edlias de assentados e parceleiros do munic\u00edpio vizinho de S\u00e3o Jos\u00e9 do Povo, para tratar da regulariza\u00e7\u00e3o fundi\u00e1ria das cerca de 400 fam\u00edlias que vivem naquela regi\u00e3o. Al\u00e9m dos representantes de cada fam\u00edlia [&hellip;]<\/p>\n","protected":false},"author":1,"featured_media":5148,"comment_status":"closed","ping_status":"closed","sticky":false,"template":"","format":"standard","meta":[],"categories":[1],"tags":[],"_links":{"self":[{"href":"https:\/\/ligana104.com.br\/2021\/wp-json\/wp\/v2\/posts\/5147"}],"collection":[{"href":"https:\/\/ligana104.com.br\/2021\/wp-json\/wp\/v2\/posts"}],"about":[{"href":"https:\/\/ligana104.com.br\/2021\/wp-json\/wp\/v2\/types\/post"}],"author":[{"embeddable":true,"href":"https:\/\/ligana104.com.br\/2021\/wp-json\/wp\/v2\/users\/1"}],"replies":[{"embeddable":true,"href":"https:\/\/ligana104.com.br\/2021\/wp-json\/wp\/v2\/comments?post=5147"}],"version-history":[{"count":1,"href":"https:\/\/ligana104.com.br\/2021\/wp-json\/wp\/v2\/posts\/5147\/revisions"}],"predecessor-version":[{"id":5149,"href":"https:\/\/ligana104.com.br\/2021\/wp-json\/wp\/v2\/posts\/5147\/revisions\/5149"}],"wp:featuredmedia":[{"embeddable":true,"href":"https:\/\/ligana104.com.br\/2021\/wp-json\/wp\/v2\/media\/5148"}],"wp:attachment":[{"href":"https:\/\/ligana104.com.br\/2021\/wp-json\/wp\/v2\/media?parent=5147"}],"wp:term":[{"taxonomy":"category","embeddable":true,"href":"https:\/\/ligana104.com.br\/2021\/wp-json\/wp\/v2\/categories?post=5147"},{"taxonomy":"post_tag","embeddable":true,"href":"https:\/\/ligana104.com.br\/2021\/wp-json\/wp\/v2\/tags?post=5147"}],"curies":[{"name":"wp","href":"https:\/\/api.w.org\/{rel}","templated":true}]}}